{"id":1950,"date":"2025-08-22T17:34:07","date_gmt":"2025-08-22T17:34:07","guid":{"rendered":"https:\/\/neanoticias.com\/?p=1950"},"modified":"2025-08-22T17:34:08","modified_gmt":"2025-08-22T17:34:08","slug":"fin-de-semana-con-eventos-musicales-alaire-libre-y-en-espacios-independientes","status":"publish","type":"post","link":"https:\/\/neanoticias.com\/index.php\/2025\/08\/22\/fin-de-semana-con-eventos-musicales-alaire-libre-y-en-espacios-independientes\/","title":{"rendered":"FIN DE SEMANA CON EVENTOS MUSICALES AL<br>AIRE LIBRE Y EN ESPACIOS INDEPENDIENTES"},"content":{"rendered":"\n<p><em>La Municipalidad de Corrientes prepar\u00f3 una atractiva agenda de actividades, que se desarrollar\u00e1 de viernes a domingo en distintos espacios de la ciudad. A las tradicionales ferias y pe\u00f1as, se sumar\u00e1n propuestas que combinan m\u00fasica y otras alternativas de disfrute, como una ronda de samba, y los festivales Lapacho y \u201cSomos cerveceros\u201d.<\/em><\/p>\n\n\n\n<p>Como cada fin de semana, desde la Municipalidad de Corrientes se propone un amplio abanico de ofertas culturales y de esparcimiento para locales y turistas. Entre las alternativas habr\u00e1 visitas guiadas a la Reserva Municipal, a los mausoleos de la ciudad, ferias de artesanos, festival regional, roda de samba, entre otras. Todas son totalmente gratuitas y abiertas a todo p\u00fablico.<br><br>La tradicional Feria de Artesanos tendr\u00e1 lugar el viernes, de 9 a 22, en la plaza Cabral, como siempre con una amplia variedad de creaciones \u00fanicas y productos locales. Mientras que el s\u00e1bado y domingo, en el mismo horario, se trasladar\u00e1 a Costanera Sur y Las Heras, brindando una oportunidad para disfrutar del paseo junto al r\u00edo y descubrir piezas \u00fanicas realizadas por emprendedores locales. Se podr\u00e1n adquirir productos en cuero, madera, tejido, dulces regionales, comidas t\u00edpicas y floricultura.<br><br>El s\u00e1bado 16, de 8.30 a 10.30, se realizar\u00e1n las visitas guiadas a la Reserva Natural Municipal \u201cSanta Catalina\u201d. Los interesados pueden inscribirse en&nbsp;<a href=\"http:\/\/ciudaddecorrientes.gov.ar\/reservasantacatalina\" target=\"_blank\" rel=\"noreferrer noopener\">ciudaddecorrientes.gov.ar\/reservasantacatalina<\/a>&nbsp;o a trav\u00e9s del Muni Bot, opci\u00f3n 7.<br><br>Desde las 17 en la Terraza de Coco (3 de abril y Costanera) los amantes del ritmo brasile\u00f1o podr\u00e1n disfrutar de una \u201cRoda de Samba\u201d con show de academias de samba no pe y artistas invitados.<br><br>FESTIVAL LAPACHO<br>Tambi\u00e9n el s\u00e1bado, desde las 17, en el Espacio Mari\u00f1o (Santa Fe 847) se desarrollar\u00e1 el Festival Lapacho, con el objetivo de promover la cultura local y la vinculaci\u00f3n con los artistas regionales en di\u00e1logo musical, fomentar la participaci\u00f3n comunitaria y apoyar a los artistas y creadores.<br><br>Es un festival independiente realizado entre el grupo musical TAJY, el Espacio Mari\u00f1o y la Subsecretar\u00eda de Desarrollo y Producci\u00f3n Cultural municipal. Sobre esta iniciativa, Federico Maceri, subsecretario de Desarrollo y Producci\u00f3n Cultural del Municipio indic\u00f3: \u201cApoyar la realizaci\u00f3n del Festival Lapacho va de la mano fundamentalmente con el modelo cultural que esta gesti\u00f3n ha implementado en conjunto con los diferentes actores culturales de esta ciudad\u201d.<br><br>Se llevar\u00e1n adelante actividades culturales en conjunto con la Municipalidad de Corrientes que son fundamentales para el desarrollo productivo de la econom\u00eda de trabajadores culturales, ya que promueven y alojan la actividad cultural independiente, como la investigaci\u00f3n y la ense\u00f1anza, facilitando la integraci\u00f3n y la interacci\u00f3n social.<br><br>Destac\u00f3 la importancia de este festival, por su origen autogestivo, desde un circuito emergente, convirti\u00e9ndose en un espacio de referencia a nivel regional respecto de expresiones art\u00edsticas vinculadas a la ra\u00edz folkl\u00f3rica, convocando a artistas de toda la Argentina y la regi\u00f3n guaran\u00edtica.<br><br>El Festival incluir\u00e1 charlas, talleres y paneles respecto de distintas tem\u00e1ticas, adem\u00e1s de Feria de autor, pintura en vivo y la exposici\u00f3n de los ganadores del concurso \u2018Corrientes al Lienzo\u2019\u201d. Actuar\u00e1n: Cecilia Pahl, German Kalber, Hibridus y Tajy, tambi\u00e9n se dictar\u00e1n talleres y el Conversatorio \u201cM\u00fasica del Litoral: Identidad y creaci\u00f3n\u201d dictado por Cecilia Pahl, Germ\u00e1n Kalber, Osvaldo Burgos y Tajy.<br><br>CERVECEROS Y PE\u00d1A<br>El s\u00e1bado, desde las 19, se llevar\u00e1 adelante en el parque Mitre (calle Pilu G\u00f3mez) el Festival Anual \u201cSomos Cerveceros\u201d con djs, bandas en vivo, cerveza artesanal, barra de tragos y patio gastron\u00f3mico.<br><br>El domingo, desde las 15.30, en el parque Camba Cu\u00e1 se conmemorar\u00e1 el D\u00eda Mundial del Wushu con clases abiertas de: Taijiquan tradicional yang, Wushu Kung Fu, Taijiquan moderno).<br><br>A partir de las 17, en la rotonda Plaza Espa\u00f1a (Av. Pujol y Carlos Pellegrini) tendr\u00e1 lugar la Pe\u00f1a Oficial de la Ciudad. En esta ocasi\u00f3n, se presentar\u00e1n: el elenco municipal \u201cSelva Guarani\u201d, el ballet folkl\u00f3rico San Juan Bautista Dulce Milagros, Raulito Alonzo y su conjunto, Los Aut\u00e9nticos del Chamam\u00e9, Braian Acevedo y su conjunto, Los Criollos de Corrientes, Vicente Franco y sus Criollos. Habr\u00e1 adem\u00e1s feria gastron\u00f3mica y emprendedores.<br>&nbsp;<br>VISITAS GUIADAS<br>El s\u00e1bado se realizar\u00e1 el habitual circuito tur\u00edstico &#8220;Descubr\u00ed Corrientes&#8221; con un recorrido guiado por los atractivos de la ciudad. En esta oportunidad ser\u00e1 en la plaza 25 de mayo y sus alrededores, con el punto de encuentro en el Monumento al General San Mart\u00edn, de 18 a 20.<br><br>Asimismo, el domingo, la visita guiada ser\u00e1 al cementerio San Juan Bautista, de 18 a 20.&nbsp; La Municipalidad pondr\u00e1 a disposici\u00f3n un colectivo con salida desde la iglesia Catedral, a las 17.30 (puntual).&nbsp; Inscripci\u00f3n:&nbsp;<a href=\"https:\/\/visitcorrientes.tur.ar\/descubri\/\" target=\"_blank\" rel=\"noreferrer noopener\">https:\/\/visitcorrientes.tur.ar\/descubri\/<\/a><\/p>\n","protected":false},"excerpt":{"rendered":"<p>La Municipalidad de Corrientes prepar\u00f3 una atractiva agenda de actividades, que se desarrollar\u00e1 de viernes&#8230;<\/p>\n","protected":false},"author":1,"featured_media":1951,"comment_status":"open","ping_status":"open","sticky":false,"template":"","format":"standard","meta":[],"categories":[1],"tags":[],"_links":{"self":[{"href":"https:\/\/neanoticias.com\/index.php\/wp-json\/wp\/v2\/posts\/1950"}],"collection":[{"href":"https:\/\/neanoticias.com\/index.php\/wp-json\/wp\/v2\/posts"}],"about":[{"href":"https:\/\/neanoticias.com\/index.php\/wp-json\/wp\/v2\/types\/post"}],"author":[{"embeddable":true,"href":"https:\/\/neanoticias.com\/index.php\/wp-json\/wp\/v2\/users\/1"}],"replies":[{"embeddable":true,"href":"https:\/\/neanoticias.com\/index.php\/wp-json\/wp\/v2\/comments?post=1950"}],"version-history":[{"count":1,"href":"https:\/\/neanoticias.com\/index.php\/wp-json\/wp\/v2\/posts\/1950\/revisions"}],"predecessor-version":[{"id":1952,"href":"https:\/\/neanoticias.com\/index.php\/wp-json\/wp\/v2\/posts\/1950\/revisions\/1952"}],"wp:featuredmedia":[{"embeddable":true,"href":"https:\/\/neanoticias.com\/index.php\/wp-json\/wp\/v2\/media\/1951"}],"wp:attachment":[{"href":"https:\/\/neanoticias.com\/index.php\/wp-json\/wp\/v2\/media?parent=1950"}],"wp:term":[{"taxonomy":"category","embeddable":true,"href":"https:\/\/neanoticias.com\/index.php\/wp-json\/wp\/v2\/categories?post=1950"},{"taxonomy":"post_tag","embeddable":true,"href":"https:\/\/neanoticias.com\/index.php\/wp-json\/wp\/v2\/tags?post=1950"}],"curies":[{"name":"wp","href":"https:\/\/api.w.org\/{rel}","templated":true}]}}