{"id":1943,"date":"2025-08-22T17:19:51","date_gmt":"2025-08-22T17:19:51","guid":{"rendered":"https:\/\/neanoticias.com\/?p=1943"},"modified":"2025-08-22T17:19:52","modified_gmt":"2025-08-22T17:19:52","slug":"el-testimonio-de-un-vecino-sobre-el-asesino-serial-no-nos-metiamos-con-el","status":"publish","type":"post","link":"https:\/\/neanoticias.com\/index.php\/2025\/08\/22\/el-testimonio-de-un-vecino-sobre-el-asesino-serial-no-nos-metiamos-con-el\/","title":{"rendered":"EL TESTIMONIO DE UN VECINO SOBRE EL ASESINO SERIAL: &#8220;NO NOS MET\u00cdAMOS CON \u00c9L&#8221;"},"content":{"rendered":"\n<p>El habitante del barrio Alto Comedero dio detalles sobre la personalidad del criminal.<\/p>\n\n\n\n<p>La investigaci\u00f3n que apunta contra&nbsp;Mat\u00edas Jurado, se\u00f1alado como el posible&nbsp;asesino serial de Jujuy, contin\u00faa sumando pruebas y testimonios que refuerzan las sospechas en su contra.<\/p>\n\n\n\n<p>A medida que la causa avanza, un vecino se anim\u00f3 a hablar y relat\u00f3 c\u00f3mo era la relaci\u00f3n del acusado con la comunidad del barrio\u00a0Alto Comedero, donde fue detenido a fines de julio.<\/p>\n\n\n\n<p>El hombre describi\u00f3 un clima de temor que rodeaba a Jurado. \u201cLa gente le ten\u00eda miedo\u201d, asegur\u00f3 en di\u00e1logo con Todo Jujuy, y agreg\u00f3: \u201cNosotros no nos met\u00edamos con \u00e9l, hab\u00eda gente que le ten\u00eda miedo. No le d\u00e1bamos importancia y no ten\u00edamos idea de lo que pasaba ah\u00ed\u201d. Seg\u00fan cont\u00f3,&nbsp;era frecuente verlo circular por las calles entre las 3 y las 7 de la ma\u00f1ana.<\/p>\n\n\n\n<p>Pero no solo eran sus horarios los que llamaban la atenci\u00f3n. El testigo se\u00f1al\u00f3 que el acusado protagonizaba episodios extra\u00f1os en plena v\u00eda p\u00fablica:&nbsp;\u201cSal\u00eda a la esquina y empezaba a golpear con el machete las paredes. Hablaba solo y dec\u00eda&nbsp;\u2018a m\u00ed nadie me hace nada porque tengo el machete\u2019\u201d.<\/p>\n\n\n\n<p>A pesar de estos comportamientos, nadie se atrev\u00eda a enfrentarlo: \u201cSi alguien le daba importancia, quiz\u00e1s pasaba algo\u201d, complet\u00f3.<\/p>\n\n\n\n<h2><strong>Conmoci\u00f3n en Jujuy: c\u00f3mo sigue la investigaci\u00f3n<\/strong><\/h2>\n\n\n\n<p>La vivienda donde resid\u00eda Jurado, conocida ya como&nbsp;\u201cla casa del horror\u201d, sigue siendo analizada por fiscales y equipos t\u00e9cnicos que trabajan en conjunto para esclarecer los cr\u00edmenes.<\/p>\n\n\n\n<p>El hallazgo inicial de&nbsp;restos \u00f3seos, piel quemada y objetos calcinados&nbsp;abri\u00f3 un expediente que revela datos escabrosos.<\/p>\n\n\n\n<p>Este martes, el Equipo Argentino de Antropolog\u00eda Forense comenz\u00f3 excavaciones en el patio de la propiedad, a partir de las anomal\u00edas detectadas por georradar.<\/p>\n\n\n\n<p>\u201cTeniendo en cuenta las tareas que se hizo con gente de Gendarmer\u00eda a trav\u00e9s del georradar,&nbsp;se hicieron marcaciones importantes en el patio de la casa de Mat\u00edas Jurado. El Equipo de Antropolog\u00eda Forense, con esos puntos, empezar\u00e1 con las excavaciones. El georradar present\u00f3 anomal\u00edas en seis puntos, por lo que tambi\u00e9n se descart\u00f3 la zona de la vereda\u201d, detallaron fuentes judiciales.<\/p>\n\n\n\n<p>A su vez, se sum\u00f3 un&nbsp;entom\u00f3logo para el an\u00e1lisis de insectos en los restos encontrados, una pericia que permitir\u00e1 precisar fechas y circunstancias. \u201cNos pueden arrojar fechas y cuestiones de inter\u00e9s para la causa\u201d, explic\u00f3 el fiscal Guillermo Beller.<\/p>\n","protected":false},"excerpt":{"rendered":"<p>El habitante del barrio Alto Comedero dio detalles sobre la personalidad del criminal. La investigaci\u00f3n&#8230;<\/p>\n","protected":false},"author":1,"featured_media":1944,"comment_status":"open","ping_status":"open","sticky":false,"template":"","format":"standard","meta":[],"categories":[1],"tags":[],"_links":{"self":[{"href":"https:\/\/neanoticias.com\/index.php\/wp-json\/wp\/v2\/posts\/1943"}],"collection":[{"href":"https:\/\/neanoticias.com\/index.php\/wp-json\/wp\/v2\/posts"}],"about":[{"href":"https:\/\/neanoticias.com\/index.php\/wp-json\/wp\/v2\/types\/post"}],"author":[{"embeddable":true,"href":"https:\/\/neanoticias.com\/index.php\/wp-json\/wp\/v2\/users\/1"}],"replies":[{"embeddable":true,"href":"https:\/\/neanoticias.com\/index.php\/wp-json\/wp\/v2\/comments?post=1943"}],"version-history":[{"count":1,"href":"https:\/\/neanoticias.com\/index.php\/wp-json\/wp\/v2\/posts\/1943\/revisions"}],"predecessor-version":[{"id":1945,"href":"https:\/\/neanoticias.com\/index.php\/wp-json\/wp\/v2\/posts\/1943\/revisions\/1945"}],"wp:featuredmedia":[{"embeddable":true,"href":"https:\/\/neanoticias.com\/index.php\/wp-json\/wp\/v2\/media\/1944"}],"wp:attachment":[{"href":"https:\/\/neanoticias.com\/index.php\/wp-json\/wp\/v2\/media?parent=1943"}],"wp:term":[{"taxonomy":"category","embeddable":true,"href":"https:\/\/neanoticias.com\/index.php\/wp-json\/wp\/v2\/categories?post=1943"},{"taxonomy":"post_tag","embeddable":true,"href":"https:\/\/neanoticias.com\/index.php\/wp-json\/wp\/v2\/tags?post=1943"}],"curies":[{"name":"wp","href":"https:\/\/api.w.org\/{rel}","templated":true}]}}