{"id":194,"date":"2022-09-22T16:48:53","date_gmt":"2022-09-22T16:48:53","guid":{"rendered":"https:\/\/neanoticias.com\/?p=194"},"modified":"2022-09-22T16:49:48","modified_gmt":"2022-09-22T16:49:48","slug":"ciudades-de-oportunidades-tassano-participode-un-encuentro-con-200-intendentes-de-todo-el-pais","status":"publish","type":"post","link":"https:\/\/neanoticias.com\/index.php\/2022\/09\/22\/ciudades-de-oportunidades-tassano-participode-un-encuentro-con-200-intendentes-de-todo-el-pais\/","title":{"rendered":"CIUDADES DE OPORTUNIDADES: TASSANO PARTICIP\u00d3<br>DE UN ENCUENTRO CON 200 INTENDENTES DE TODO EL PA\u00cdS"},"content":{"rendered":"\n<p><em>e trata de \u201cLa Noche de Intendentes\u201d, llevada a cabo en La Rural de Buenos Aires, organizada por la Red de Innovaci\u00f3n Local. Junto a representantes de grandes empresas del sector privado se evaluaron las oportunidades de desarrollo en las ciudades y delinearon una agenda de di\u00e1logo y trabajo colaborativo. En la oportunidad, el intendente correntino entreg\u00f3 una de las dos distinciones que se otorgaron en el evento: el premio a la ciudad m\u00e1s inspiradora de Argentina, galard\u00f3n que hab\u00eda obtenido la ciudad de Corrientes el a\u00f1o pasado y que ahora lo obtuvo C\u00f3rdoba.<\/em><\/p>\n\n\n\n<figure class=\"wp-block-image size-large\"><img loading=\"lazy\" width=\"1024\" height=\"678\" src=\"https:\/\/neanoticias.com\/wp-content\/uploads\/2022\/09\/023e54b2-d414-bf92-49da-5eec2d3b548d-1024x678.jpg\" alt=\"\" class=\"wp-image-195\" srcset=\"https:\/\/neanoticias.com\/wp-content\/uploads\/2022\/09\/023e54b2-d414-bf92-49da-5eec2d3b548d-1024x678.jpg 1024w, https:\/\/neanoticias.com\/wp-content\/uploads\/2022\/09\/023e54b2-d414-bf92-49da-5eec2d3b548d-300x199.jpg 300w, https:\/\/neanoticias.com\/wp-content\/uploads\/2022\/09\/023e54b2-d414-bf92-49da-5eec2d3b548d-768x508.jpg 768w, https:\/\/neanoticias.com\/wp-content\/uploads\/2022\/09\/023e54b2-d414-bf92-49da-5eec2d3b548d-1536x1017.jpg 1536w, https:\/\/neanoticias.com\/wp-content\/uploads\/2022\/09\/023e54b2-d414-bf92-49da-5eec2d3b548d-2048x1356.jpg 2048w\" sizes=\"(max-width: 1024px) 100vw, 1024px\" \/><\/figure>\n\n\n\n<p>Como un espacio estrat\u00e9gico de di\u00e1logo y articulaci\u00f3n entre sector p\u00fablico y privado sobre las oportunidades de las ciudades argentinas, en la noche de este mi\u00e9rcoles se llev\u00f3 a cabo un evento de alcance nacional, que cont\u00f3 con la participaci\u00f3n del intendente Eduardo Tassano, quien adem\u00e1s entreg\u00f3 uno de los dos galardones que se otorgaron en la ocasi\u00f3n: el premio a la ciudad m\u00e1s inspiradora de Argentina, distinci\u00f3n que ya hab\u00eda recibido la ciudad de Corrientes en 2021 y que en esta oportunidad la conquist\u00f3 la ciudad de C\u00f3rdoba.<br>El encuentro denominado \u201cLa Noche de Intendentes\u201d nucle\u00f3 a 200 alcaldes de distintos signos pol\u00edticos del pa\u00eds en el predio de La Rural de Palermo, Buenos Aires, y fue organizada por la Red de Innovaci\u00f3n Local (RIL).<br>Con m\u00e1s de 70 empresas y organizaciones que acompa\u00f1aron la convocatoria de la RIL, el objetivo central del c\u00f3nclave fue visibilizar las oportunidades de desarrollo que existen en las distintas ciudades del pa\u00eds, adem\u00e1s de delinear una agenda de di\u00e1logo y trabajo colaborativo a mediano y largo plazo; todo ello con un eje esencial: consolidar el concepto de ciudades de oportunidades.<br>\u201cEs muy importante la convocatoria. En el a\u00f1o 2021 Corrientes fue elegida como Ciudad Inspiradora. Luego, en ese momento el evento no se pudo hacer debido a la pandemia; y ahora nos toca pasarle la posta a la ciudad de C\u00f3rdoba, as\u00ed que estamos muy orgullosos de eso\u201d, manifest\u00f3 Tassano.<br>&nbsp;<br>PARTICIPACI\u00d3N CORRENTINA<br>El evento congreg\u00f3 en total a unos 700 dirigentes p\u00fablicos y privados y estuvo dividido organizativamente en mesas tem\u00e1ticas. En el caso de Tassano, particip\u00f3 de las deliberaciones en la mesa de Ciudades Digitales.<br>Por su parte, el secretario de Coordinaci\u00f3n de Gobierno, Hugo Calvano, quien acompa\u00f1\u00f3 al intendente en este encuentro nacional, integr\u00f3 la mesa de Ciudades Innovadoras.<br>\u201cEste es un espacio generado por el RIL con municipios de todo el pa\u00eds, con empresas vinculadas a servicios que los municipios y las ciudades requieren, y con organizaciones de la sociedad civil que trabajan en todo lo referente a pol\u00edticas p\u00fablicas y servicios municipales\u201d, explic\u00f3 por su parte Calvano.&nbsp;<br>\u201cSon espacios que se aprovechan para interactuar, intercambiar ideas, conocer otras experiencias y seguir vinculados, porque de esa manera, en conjunto, trabajamos en soluciones a problem\u00e1ticas comunes que tenemos, en este caso, en las ciudades, y encontramos tambi\u00e9n soluciones comunes, ya sea que vengan del sector privado, de la sociedad civil o bien de otro municipio\u201d, a\u00f1adi\u00f3 al respecto.<br>&nbsp;<br>AN\u00c1LISIS Y TRABAJO COLABORATIVO<br>Adem\u00e1s de las mesas nombradas que contaron con participaci\u00f3n correntina, funcionaron otras como la de Ciudades del Conocimiento, Ciudades Vitivin\u00edcolas, Ciudades Tur\u00edsticas, Ciudades de la Conectividad, Ciudades Agrotecnol\u00f3gicas, de la Biodiversidad, Industriales, Ganaderas, Portuarias, Biotecnol\u00f3gicas, etc\u00e9tera.<br>En cada espacio de encuentro, representantes del sector privado junto con intendentes y referentes de la sociedad civil dialogaron en torno a c\u00f3mo impulsar los ecosistemas de innovaci\u00f3n que necesitan las ciudades para generar desarrollo econ\u00f3mico y potenciar las oportunidades en cada ciudad.<br>Por eso, para abrir este espacio de deliberaciones se seleccionaron diversas ventajas competitivas de las ciudades argentinas y se convocaron a l\u00edderes del sector privado con agendas similares para que pudieran articularlas de manera colaborativa con los intendentes.<br>&nbsp;<br>DISTINCIONES A CIUDADES<br>En el evento en La Rural, adem\u00e1s del premio entregado por Tassano a la ciudad m\u00e1s inspiradora del pa\u00eds, se present\u00f3 la certificaci\u00f3n de Ciudad Eficiente y, en este sentido, entregaron el reconocimiento a la primera ciudad de Argentina en ser reconocida con esta cualidad.<br>De esta manera concluy\u00f3 \u201cLa Noche de Intendentes\u201d organizada por la Red de Innovaci\u00f3n Local, una organizaci\u00f3n apartidaria y sin fines de lucro con trayectoria de m\u00e1s de ocho a\u00f1os en el trabajo con l\u00edderes locales, para mejorar sus capacidades de gesti\u00f3n y despertar el poder de transformaci\u00f3n de las ciudades.<\/p>\n","protected":false},"excerpt":{"rendered":"<p>e trata de \u201cLa Noche de Intendentes\u201d, llevada a cabo en La Rural de Buenos&#8230;<\/p>\n","protected":false},"author":1,"featured_media":195,"comment_status":"open","ping_status":"open","sticky":false,"template":"","format":"standard","meta":[],"categories":[1],"tags":[],"_links":{"self":[{"href":"https:\/\/neanoticias.com\/index.php\/wp-json\/wp\/v2\/posts\/194"}],"collection":[{"href":"https:\/\/neanoticias.com\/index.php\/wp-json\/wp\/v2\/posts"}],"about":[{"href":"https:\/\/neanoticias.com\/index.php\/wp-json\/wp\/v2\/types\/post"}],"author":[{"embeddable":true,"href":"https:\/\/neanoticias.com\/index.php\/wp-json\/wp\/v2\/users\/1"}],"replies":[{"embeddable":true,"href":"https:\/\/neanoticias.com\/index.php\/wp-json\/wp\/v2\/comments?post=194"}],"version-history":[{"count":2,"href":"https:\/\/neanoticias.com\/index.php\/wp-json\/wp\/v2\/posts\/194\/revisions"}],"predecessor-version":[{"id":197,"href":"https:\/\/neanoticias.com\/index.php\/wp-json\/wp\/v2\/posts\/194\/revisions\/197"}],"wp:featuredmedia":[{"embeddable":true,"href":"https:\/\/neanoticias.com\/index.php\/wp-json\/wp\/v2\/media\/195"}],"wp:attachment":[{"href":"https:\/\/neanoticias.com\/index.php\/wp-json\/wp\/v2\/media?parent=194"}],"wp:term":[{"taxonomy":"category","embeddable":true,"href":"https:\/\/neanoticias.com\/index.php\/wp-json\/wp\/v2\/categories?post=194"},{"taxonomy":"post_tag","embeddable":true,"href":"https:\/\/neanoticias.com\/index.php\/wp-json\/wp\/v2\/tags?post=194"}],"curies":[{"name":"wp","href":"https:\/\/api.w.org\/{rel}","templated":true}]}}