{"id":1938,"date":"2025-07-24T17:19:01","date_gmt":"2025-07-24T17:19:01","guid":{"rendered":"https:\/\/neanoticias.com\/?p=1938"},"modified":"2025-07-24T17:19:02","modified_gmt":"2025-07-24T17:19:02","slug":"la-municipalidad-instala-bicicletas-fijasque-permiten-cargar-el-celular-al-pedalear","status":"publish","type":"post","link":"https:\/\/neanoticias.com\/index.php\/2025\/07\/24\/la-municipalidad-instala-bicicletas-fijasque-permiten-cargar-el-celular-al-pedalear\/","title":{"rendered":"LA MUNICIPALIDAD INSTALA BICICLETAS FIJAS<br>QUE PERMITEN CARGAR EL CELULAR AL PEDALEAR"},"content":{"rendered":"\n<p><em>Las primeras \u201cbicicargas\u201d est\u00e1n ubicadas en costanera y Lavalle y fueron desarrolladas por un emprendedor local.&nbsp; Se instalar\u00e1n veinte en lugares p\u00fablicos para facilitar su uso y fomentar la conciencia sobre el uso de energ\u00edas alternativas. El vecino podr\u00e1 cargar su dispositivo movil en 20 minutos.&nbsp;<\/em><\/p>\n\n\n\n<p>En el marco de las acciones que impulsa la Municipalidad de Corrientes para promover una ciudad sustentable, en las \u00faltimas horas quedaron habilitadas las primeras \u201cbicicargas\u201d, un sistema que permite utilizar energ\u00eda limpia generada por el propio usuario para cargar un celular en aproximadamente 20 minutos de pedaleo. Se instalar\u00e1n diez pares de estas bicicletas en lugares p\u00fablicos para facilitar su uso y fomentar la conciencia sobre el uso de energ\u00edas alternativas.<br><br>El secretario de Coordinaci\u00f3n de Gobierno del municipio, Hugo Calvano, se\u00f1al\u00f3 que los primeros equipos \u201cest\u00e1n ubicados en la zona del Centro de Informes de la Municipalidad sobre avenida costanera y Lavalle\u201d.&nbsp;<br><br>En el lugar, \u201ctambi\u00e9n funciona un punto de carga solar que lo hab\u00edamos inaugurado el a\u00f1o pasado\u201d, record\u00f3.<br><br>\u201cEste tipo de equipamiento se usa en otras ciudades, lo que se busca es que las personas, de manera saludable, generen energ\u00eda, en este caso la suficiente para cargar un dispositivo electr\u00f3nico que tranquilamente, en 20 minutos de pedaleo, puede cargarle un celular y recuperarlo, en el caso de necesitar comunicarse o conectarse. Y tambi\u00e9n tiene que ver con la ciudad sustentable que promovemos desde la gesti\u00f3n del intendente Eduardo Tassano\u201d, remarc\u00f3.<br><br>Calvano destac\u00f3 que si bien \u201ceste tipo de equipamiento en otras ciudades existe, ac\u00e1 lo fabrica un emprendedor correntino y surge de una idea en el marco de una de las competencias desarrolladas por MuniJoven\u201d.<br><br>En este sentido, record\u00f3: \u201cEn el caso del concurso \u2018Mit\u00e1, J\u00f3venes por el Medio\u2019, hab\u00eda un colegio que hab\u00eda hecho un prototipo de bicicleta para cargar el celular. Con esa idea y con ese objetivo, contactando a un emprendedor local, logramos que \u00e9l dise\u00f1e este prototipo y lo estuvo probando durante meses, con dise\u00f1o, ingenier\u00eda y mano de obra local, y hoy podemos estar instalando los primeros dos de 10 pares que vamos a estar instalando en distintos puntos de la ciudad para promover este tipo de valores\u201d.<br><br>Explic\u00f3 que los pr\u00f3ximos equipos \u201cvamos a ubicarlos en lugares p\u00fablicos, ya sea en instituciones o espacios p\u00fablicos, donde pueda la ciudadan\u00eda en general acudir y realizar el uso que promovemos, y tambi\u00e9n concientizarse sobre que uno puede generar energ\u00eda de otras maneras, alternativas y limpias, que es por ah\u00ed una necesidad de resolverte una carga de un celular, que puede pasar en cualquier momento que uno quede sin bater\u00eda\u201d.<br><br>En cuanto a c\u00f3mo se utilizan estas \u201cbicicargas\u201d, el secretario comunal explic\u00f3 que se trata de un sistema sencillo, donde el usuario \u201cdebe subirse a la bicicleta, poner el dispositivo electr\u00f3nico en un espacio dispuesto, enchufar el cable, conectarlo al puerto USB que trae y pedalear con un ritmo normal para mantener el buen funcionamiento del sistema que tiene para hacer la carga\u201d.<br><br>Calvano coment\u00f3 que los equipos \u201cvan a estar instalados de a pares, porque entendemos que el requerimiento siempre puede ser mayor a una bicicleta, van a tener asientos regulables, en el cual el vecino puede ajustarlo a la altura que necesite para hacerlo de una manera c\u00f3moda\u201d e inst\u00f3 a la comunidad a usarlos de manera cuidada, como cualquier otro mobiliario urbano, &#8220;hay que preservarlos\u201d, enfatiz\u00f3.<\/p>\n","protected":false},"excerpt":{"rendered":"<p>Las primeras \u201cbicicargas\u201d est\u00e1n ubicadas en costanera y Lavalle y fueron desarrolladas por un emprendedor&#8230;<\/p>\n","protected":false},"author":1,"featured_media":1939,"comment_status":"open","ping_status":"open","sticky":false,"template":"","format":"standard","meta":[],"categories":[1],"tags":[],"_links":{"self":[{"href":"https:\/\/neanoticias.com\/index.php\/wp-json\/wp\/v2\/posts\/1938"}],"collection":[{"href":"https:\/\/neanoticias.com\/index.php\/wp-json\/wp\/v2\/posts"}],"about":[{"href":"https:\/\/neanoticias.com\/index.php\/wp-json\/wp\/v2\/types\/post"}],"author":[{"embeddable":true,"href":"https:\/\/neanoticias.com\/index.php\/wp-json\/wp\/v2\/users\/1"}],"replies":[{"embeddable":true,"href":"https:\/\/neanoticias.com\/index.php\/wp-json\/wp\/v2\/comments?post=1938"}],"version-history":[{"count":1,"href":"https:\/\/neanoticias.com\/index.php\/wp-json\/wp\/v2\/posts\/1938\/revisions"}],"predecessor-version":[{"id":1940,"href":"https:\/\/neanoticias.com\/index.php\/wp-json\/wp\/v2\/posts\/1938\/revisions\/1940"}],"wp:featuredmedia":[{"embeddable":true,"href":"https:\/\/neanoticias.com\/index.php\/wp-json\/wp\/v2\/media\/1939"}],"wp:attachment":[{"href":"https:\/\/neanoticias.com\/index.php\/wp-json\/wp\/v2\/media?parent=1938"}],"wp:term":[{"taxonomy":"category","embeddable":true,"href":"https:\/\/neanoticias.com\/index.php\/wp-json\/wp\/v2\/categories?post=1938"},{"taxonomy":"post_tag","embeddable":true,"href":"https:\/\/neanoticias.com\/index.php\/wp-json\/wp\/v2\/tags?post=1938"}],"curies":[{"name":"wp","href":"https:\/\/api.w.org\/{rel}","templated":true}]}}