{"id":1935,"date":"2025-07-24T17:18:17","date_gmt":"2025-07-24T17:18:17","guid":{"rendered":"https:\/\/neanoticias.com\/?p=1935"},"modified":"2025-07-24T17:18:19","modified_gmt":"2025-07-24T17:18:19","slug":"locomotora-oliveras-esta-estable-y-sin-cambios-neurologicos","status":"publish","type":"post","link":"https:\/\/neanoticias.com\/index.php\/2025\/07\/24\/locomotora-oliveras-esta-estable-y-sin-cambios-neurologicos\/","title":{"rendered":"LOCOMOTORA OLIVERAS: EST\u00c1 &#8220;ESTABLE Y SIN CAMBIOS NEUROL\u00d3GICOS&#8221;"},"content":{"rendered":"\n<p>El equipo m\u00e9dico del Hospital Cullen de Santa Fe brind\u00f3 detalles del cuadro de la exboxeadora en las \u00faltimas 24 horas.<\/p>\n\n\n\n<figure class=\"wp-block-image\"><img src=\"https:\/\/ads.donnet.com.ar\/revive-ads\/www\/delivery\/lg.php?bannerid=71&amp;campaignid=12&amp;zoneid=1&amp;loc=https%3A%2F%2Fwww.radiosudamericana.com%2Fnota%2Fsociedad%2F330326-Locomotora-Oliveras--esta-estable-y-sin-cambios-neurologicos.htm&amp;referer=https%3A%2F%2Fwww.radiosudamericana.com%2F&amp;cb=a0b318eb8c\" alt=\"\"\/><\/figure>\n\n\n\n<p>Alejandra \u201cLocomotora\u201d Oliveras&nbsp;cursa este jueves el d\u00e9cimo d\u00eda de internaci\u00f3n en el Hospital Cullen de Santa Fe, donde permanece internada tras sufrir un accidente cerebrovascular (ACV) de tipo isqu\u00e9mico. La paciente pas\u00f3 las \u00faltimas 24 horas de manera&nbsp;<strong>&#8220;estable y sin cambios neurol\u00f3gicos&#8221;,<\/strong>&nbsp;seg\u00fan detall\u00f3 el parte m\u00e9dico de hoy, firmado por el director, Bruno Moroni.<\/p>\n\n\n\n<p><strong>El nuevo parte m\u00e9dico de la \u201cLocomotora\u201d Oliveras<\/strong><\/p>\n\n\n\n<p>La paciente Alejandra Oliveras, de 47 a\u00f1os, cursa el 10mo d\u00eda de internaci\u00f3n en la Unidad de Terapia Intensiva del Hospital \u201cDr. Jos\u00e9 Mar\u00eda Cullen\u201d, tras haber ingresado el 14 de julio por accidente cerebrovascular (ACV) isqu\u00e9mico.<\/p>\n\n\n\n<p>Actualmente se encuentra estable hemodin\u00e1micamente, en asistencia mec\u00e1nica respiratoria, y sin cambios neurol\u00f3gicos respecto a los d\u00edas previos. Contin\u00faa bajo seguimiento permanente por parte del equipo de la Unidad de Terapia Intensiva.<\/p>\n\n\n\n<p>Su pron\u00f3stico contin\u00faa siendo reservado.<\/p>\n","protected":false},"excerpt":{"rendered":"<p>El equipo m\u00e9dico del Hospital Cullen de Santa Fe brind\u00f3 detalles del cuadro de la&#8230;<\/p>\n","protected":false},"author":1,"featured_media":1936,"comment_status":"open","ping_status":"open","sticky":false,"template":"","format":"standard","meta":[],"categories":[1],"tags":[],"_links":{"self":[{"href":"https:\/\/neanoticias.com\/index.php\/wp-json\/wp\/v2\/posts\/1935"}],"collection":[{"href":"https:\/\/neanoticias.com\/index.php\/wp-json\/wp\/v2\/posts"}],"about":[{"href":"https:\/\/neanoticias.com\/index.php\/wp-json\/wp\/v2\/types\/post"}],"author":[{"embeddable":true,"href":"https:\/\/neanoticias.com\/index.php\/wp-json\/wp\/v2\/users\/1"}],"replies":[{"embeddable":true,"href":"https:\/\/neanoticias.com\/index.php\/wp-json\/wp\/v2\/comments?post=1935"}],"version-history":[{"count":1,"href":"https:\/\/neanoticias.com\/index.php\/wp-json\/wp\/v2\/posts\/1935\/revisions"}],"predecessor-version":[{"id":1937,"href":"https:\/\/neanoticias.com\/index.php\/wp-json\/wp\/v2\/posts\/1935\/revisions\/1937"}],"wp:featuredmedia":[{"embeddable":true,"href":"https:\/\/neanoticias.com\/index.php\/wp-json\/wp\/v2\/media\/1936"}],"wp:attachment":[{"href":"https:\/\/neanoticias.com\/index.php\/wp-json\/wp\/v2\/media?parent=1935"}],"wp:term":[{"taxonomy":"category","embeddable":true,"href":"https:\/\/neanoticias.com\/index.php\/wp-json\/wp\/v2\/categories?post=1935"},{"taxonomy":"post_tag","embeddable":true,"href":"https:\/\/neanoticias.com\/index.php\/wp-json\/wp\/v2\/tags?post=1935"}],"curies":[{"name":"wp","href":"https:\/\/api.w.org\/{rel}","templated":true}]}}