{"id":1932,"date":"2025-07-24T17:16:28","date_gmt":"2025-07-24T17:16:28","guid":{"rendered":"https:\/\/neanoticias.com\/?p=1932"},"modified":"2025-07-24T17:16:29","modified_gmt":"2025-07-24T17:16:29","slug":"peaton-murio-tras-ser-atropellado-por-un-colectivo-en-goya","status":"publish","type":"post","link":"https:\/\/neanoticias.com\/index.php\/2025\/07\/24\/peaton-murio-tras-ser-atropellado-por-un-colectivo-en-goya\/","title":{"rendered":"PEAT\u00d3N MURI\u00d3 TRAS SER ATROPELLADO POR UN COLECTIVO EN GOYA"},"content":{"rendered":"\n<p>El informe policial al que accedi\u00f3 Radio Sudamericana da cuenta de que el hecho sucedi\u00f3 alrededor de las 21.15 de este mi\u00e9rcoles. Una persona caminaba por el costado de la Ruta 12 y fue colisionada por un transporte de pasajeros. &nbsp;<\/p>\n\n\n\n<figure class=\"wp-block-image\"><img src=\"https:\/\/ads.donnet.com.ar\/revive-ads\/www\/delivery\/lg.php?bannerid=71&amp;campaignid=12&amp;zoneid=1&amp;loc=https%3A%2F%2Fwww.radiosudamericana.com%2Fnota%2Fpoliciales%2F330312-Peaton-murio-tras-ser-atropellado-por-un-colectivo-en-Goya.htm&amp;referer=https%3A%2F%2Fwww.radiosudamericana.com%2F&amp;cb=a60f3df769\" alt=\"\"\/><\/figure>\n\n\n\n<p>En la localidad de Goya, un peat\u00f3n falleci\u00f3 en un siniestro vial. Fue en la noche del mi\u00e9rcoles alrededor de las 21.15, por Ruta Nacional 12, en cercan\u00edas a un corral\u00f3n de esa localidad.<\/p>\n\n\n\n<p>Seg\u00fan las primeras averiguaciones, el hombre de apellido \u00c1lvarez (36 a\u00f1os) caminaba por la banquina en sentido de Sur a Norte y por el mismo carril circulaba colectivo de larga distancia con pasajeros. La unidad conducida por un hombre de apellido Gonz\u00e1lez, lo alcanz\u00f3 y le produjo lesiones que derivaron en su fallecimiento.<\/p>\n\n\n\n<h5><em><strong>VIDEO GENTILEZA:&nbsp;<\/strong>TN Goya<\/em><\/h5>\n\n\n\n<p>En el lugar se realizaron las diligencias de rigor mientras que ante la Comisaria Cuarta de Goya se contin\u00faan con las actuaciones correspondientes.<\/p>\n","protected":false},"excerpt":{"rendered":"<p>El informe policial al que accedi\u00f3 Radio Sudamericana da cuenta de que el hecho sucedi\u00f3&#8230;<\/p>\n","protected":false},"author":1,"featured_media":1933,"comment_status":"open","ping_status":"open","sticky":false,"template":"","format":"standard","meta":[],"categories":[1],"tags":[],"_links":{"self":[{"href":"https:\/\/neanoticias.com\/index.php\/wp-json\/wp\/v2\/posts\/1932"}],"collection":[{"href":"https:\/\/neanoticias.com\/index.php\/wp-json\/wp\/v2\/posts"}],"about":[{"href":"https:\/\/neanoticias.com\/index.php\/wp-json\/wp\/v2\/types\/post"}],"author":[{"embeddable":true,"href":"https:\/\/neanoticias.com\/index.php\/wp-json\/wp\/v2\/users\/1"}],"replies":[{"embeddable":true,"href":"https:\/\/neanoticias.com\/index.php\/wp-json\/wp\/v2\/comments?post=1932"}],"version-history":[{"count":1,"href":"https:\/\/neanoticias.com\/index.php\/wp-json\/wp\/v2\/posts\/1932\/revisions"}],"predecessor-version":[{"id":1934,"href":"https:\/\/neanoticias.com\/index.php\/wp-json\/wp\/v2\/posts\/1932\/revisions\/1934"}],"wp:featuredmedia":[{"embeddable":true,"href":"https:\/\/neanoticias.com\/index.php\/wp-json\/wp\/v2\/media\/1933"}],"wp:attachment":[{"href":"https:\/\/neanoticias.com\/index.php\/wp-json\/wp\/v2\/media?parent=1932"}],"wp:term":[{"taxonomy":"category","embeddable":true,"href":"https:\/\/neanoticias.com\/index.php\/wp-json\/wp\/v2\/categories?post=1932"},{"taxonomy":"post_tag","embeddable":true,"href":"https:\/\/neanoticias.com\/index.php\/wp-json\/wp\/v2\/tags?post=1932"}],"curies":[{"name":"wp","href":"https:\/\/api.w.org\/{rel}","templated":true}]}}