{"id":1928,"date":"2025-07-24T17:08:12","date_gmt":"2025-07-24T17:08:12","guid":{"rendered":"https:\/\/neanoticias.com\/?p=1928"},"modified":"2025-07-24T17:08:13","modified_gmt":"2025-07-24T17:08:13","slug":"las-ferias-de-la-ciudad-continuan-su-recorrido-semanal-por-distintos-espacios-publicos","status":"publish","type":"post","link":"https:\/\/neanoticias.com\/index.php\/2025\/07\/24\/las-ferias-de-la-ciudad-continuan-su-recorrido-semanal-por-distintos-espacios-publicos\/","title":{"rendered":"LAS FERIAS DE LA CIUDAD CONTIN\u00daAN SU RECORRIDO SEMANAL POR DISTINTOS ESPACIOS P\u00daBLICOS"},"content":{"rendered":"\n<p><em>Los feriantes capitalinos se acercar\u00e1n a parques, plazas y paseos con su habitual oferta de productos frescos y de calidad en la segunda semana del mes de julio. Desde el martes 8 y hasta el domingo 13 \u2013incluyendo el feriado del 9 de julio-, los vecinos podr\u00e1n adquirir a precios convenientes: frutas y verduras, productos manufacturados, artesan\u00edas, plantas ornamentales, entre otras propuestas.&nbsp;<\/em><\/p>\n\n\n\n<p>A trav\u00e9s de la propuesta coordinada por la Secretar\u00eda de Desarrollo Econ\u00f3mico municipal, a trav\u00e9s de la Subsecretar\u00eda de Econom\u00eda Social, la Municipalidad de Corrientes contin\u00faa acercando productos de calidad, con interesantes ofertas y combos, a diferentes espacios p\u00fablicos de los barrios.<br><br>De esta manera, el recorrido por los barrios se realizar\u00e1 entre el martes 8 y el domingo 13 de julio, incluyendo el feriado del 9 de Julio.<br><br>El martes 8 de julio la iniciativa estar\u00e1 en la plaza Torrent -San Lorenzo y Bol\u00edvar- y en plaza Los Amigos del barrio Libertad, frente a la escuela N\u00ba6 por calle Brasil.<br><br>El mi\u00e9rcoles 9 se trasladar\u00e1 a la plaza Torrent. En tanto que el jueves 10, los feriantes estar\u00e1n en plaza La Cruz, por calle Salta, en el barrio del mismo nombre.<br><br>El viernes 11 se repetir\u00e1 la propuesta, en simult\u00e1neo, en la plaza Rep\u00fablica del Per\u00fa de las Mil Viviendas; en la plazoleta Los Inmigrantes del barrio Ber\u00f3n de Astrada; en el predio de Larrea al 3400 (frente al Colegio Illia) del barrio Laguna Seca; y en el predio de Gutenberg y Magallanes (oratorio de San Cayetano) en el barrio Santa Mar\u00eda.<br><br>El recorrido continuar\u00e1 el s\u00e1bado 12, de 8 a 13, por la calle Pil\u00fa G\u00f3mez y Jos\u00e9 Rol\u00f3n, en el parque Mitre. Y por la tarde, en el Paseo Arazaty, de 10 a 22.<br><br>El domingo 13 los puesteros estar\u00e1n nuevamente en el Paseo Arazaty y ofrecer\u00e1n de 10 a 20, plantas ornamentales, ofertas gastron\u00f3micas, artesan\u00edas y manualidades.<br>&nbsp;<br>CRONOGRAMA<br>&nbsp;<br>Martes 8 de julio: plaza Torrent (Centro) y plaza Los Amigos (Libertad)<br><br>Mi\u00e9rcoles 9 de julio: plaza Torrent (Centro)<br><br>Jueves 10 de julio: plaza La Cruz (barrio La Cruz)<br><br>Viernes 11 de julio: plaza Rep\u00fablica del Per\u00fa (Mil Viviendas), plaza Los Inmigrantes (Ber\u00f3n de Astrada), Larrea 3400 (Laguna Seca), Gutenberg y Magallanes (Santa Mar\u00eda)<br><br>S\u00e1bado 12 de julio: parque Mitre (barrio Aldana) de 8 a 13, y Paseo Arazaty de 10 a 22<br><br>Domingo 13 de julio: Paseo Arazaty, de 10 a 20<\/p>\n","protected":false},"excerpt":{"rendered":"<p>Los feriantes capitalinos se acercar\u00e1n a parques, plazas y paseos con su habitual oferta de&#8230;<\/p>\n","protected":false},"author":1,"featured_media":1929,"comment_status":"open","ping_status":"open","sticky":false,"template":"","format":"standard","meta":[],"categories":[1],"tags":[],"_links":{"self":[{"href":"https:\/\/neanoticias.com\/index.php\/wp-json\/wp\/v2\/posts\/1928"}],"collection":[{"href":"https:\/\/neanoticias.com\/index.php\/wp-json\/wp\/v2\/posts"}],"about":[{"href":"https:\/\/neanoticias.com\/index.php\/wp-json\/wp\/v2\/types\/post"}],"author":[{"embeddable":true,"href":"https:\/\/neanoticias.com\/index.php\/wp-json\/wp\/v2\/users\/1"}],"replies":[{"embeddable":true,"href":"https:\/\/neanoticias.com\/index.php\/wp-json\/wp\/v2\/comments?post=1928"}],"version-history":[{"count":1,"href":"https:\/\/neanoticias.com\/index.php\/wp-json\/wp\/v2\/posts\/1928\/revisions"}],"predecessor-version":[{"id":1930,"href":"https:\/\/neanoticias.com\/index.php\/wp-json\/wp\/v2\/posts\/1928\/revisions\/1930"}],"wp:featuredmedia":[{"embeddable":true,"href":"https:\/\/neanoticias.com\/index.php\/wp-json\/wp\/v2\/media\/1929"}],"wp:attachment":[{"href":"https:\/\/neanoticias.com\/index.php\/wp-json\/wp\/v2\/media?parent=1928"}],"wp:term":[{"taxonomy":"category","embeddable":true,"href":"https:\/\/neanoticias.com\/index.php\/wp-json\/wp\/v2\/categories?post=1928"},{"taxonomy":"post_tag","embeddable":true,"href":"https:\/\/neanoticias.com\/index.php\/wp-json\/wp\/v2\/tags?post=1928"}],"curies":[{"name":"wp","href":"https:\/\/api.w.org\/{rel}","templated":true}]}}