{"id":1914,"date":"2025-06-19T17:39:40","date_gmt":"2025-06-19T17:39:40","guid":{"rendered":"https:\/\/neanoticias.com\/?p=1914"},"modified":"2025-06-19T17:39:41","modified_gmt":"2025-06-19T17:39:41","slug":"franco-colapinto-alcanzo-la-q2-y-largara-11-en-el-gp-de-canada","status":"publish","type":"post","link":"https:\/\/neanoticias.com\/index.php\/2025\/06\/19\/franco-colapinto-alcanzo-la-q2-y-largara-11-en-el-gp-de-canada\/","title":{"rendered":"FRANCO COLAPINTO ALCANZ\u00d3 LA Q2 Y LARGAR\u00c1 11\u00b0 EN EL GP DE CANAD\u00c1"},"content":{"rendered":"\n<p>El piloto argentino accedi\u00f3 por primera vez a la Qualy 2 en F\u00f3rmula 1 y mostr\u00f3 una clara mejora en Montreal. Si bien finaliz\u00f3 12\u00b0,&nbsp;partir\u00e1 un puesto m\u00e1s adelante por la sanci\u00f3n al japon\u00e9s Yuki Tsunoda &nbsp;<\/p>\n\n\n\n<p>Franco Colapinto contin\u00faa dando pasos firmes en la F\u00f3rmula 1. Este s\u00e1bado logr\u00f3 meterse por primera vez en la Qualy 2 y finaliz\u00f3 en el 12\u00b0 puesto en la clasificaci\u00f3n del Gran Premio de Canad\u00e1, que se corre en el Circuito Gilles-Villeneuve de Montreal. Sin embargo, debido a una sanci\u00f3n de diez posiciones a Yuki Tsunoda, el argentino largar\u00e1 desde el 11\u00b0 lugar en la carrera del domingo.<\/p>\n\n\n\n<p>Colapinto registr\u00f3 un tiempo de 1:12.234 en su mejor vuelta, evidenciando una notoria evoluci\u00f3n con respecto a los entrenamientos del viernes, donde hab\u00eda terminado 19\u00b0 y 18\u00b0. Ya en la tercera pr\u00e1ctica libre, logr\u00f3 escalar dos puestos y marc\u00f3 1:13.060, acerc\u00e1ndose a solo cuatro d\u00e9cimas del franc\u00e9s Pierre Gasly.<\/p>\n\n\n\n<p>Durante la vuelta decisiva de la clasificaci\u00f3n, un peque\u00f1o error en el cierre le impidi\u00f3 avanzar a la Q3. Consciente de su desempe\u00f1o, Colapinto se expres\u00f3 por radio tras bajarse del monoplaza:\u00a0<em><strong>\u201cPerd\u00f3n por eso. Podr\u00eda haber sido Q3, pido disculpas\u201d<\/strong><\/em>.<\/p>\n\n\n\n<p>La penalizaci\u00f3n a Tsunoda se debi\u00f3 a que no respet\u00f3 una bandera roja durante la tercera pr\u00e1ctica, lo que le vali\u00f3 una p\u00e9rdida de diez lugares en la grilla. Adem\u00e1s, Isack Hadjar, quien clasific\u00f3 en el d\u00e9cimo puesto, est\u00e1 bajo investigaci\u00f3n por un incidente con Carlos Sainz.<\/p>\n\n\n\n<p>La competencia principal se disputar\u00e1 este domingo desde las 15:00 (hora argentina), y Colapinto largar\u00e1 desde la sexta fila, con expectativas renovadas tras una jornada que marc\u00f3 un nuevo hito en su carrera en la F\u00f3rmula 1.<\/p>\n","protected":false},"excerpt":{"rendered":"<p>El piloto argentino accedi\u00f3 por primera vez a la Qualy 2 en F\u00f3rmula 1 y&#8230;<\/p>\n","protected":false},"author":1,"featured_media":1915,"comment_status":"open","ping_status":"open","sticky":false,"template":"","format":"standard","meta":[],"categories":[1],"tags":[],"_links":{"self":[{"href":"https:\/\/neanoticias.com\/index.php\/wp-json\/wp\/v2\/posts\/1914"}],"collection":[{"href":"https:\/\/neanoticias.com\/index.php\/wp-json\/wp\/v2\/posts"}],"about":[{"href":"https:\/\/neanoticias.com\/index.php\/wp-json\/wp\/v2\/types\/post"}],"author":[{"embeddable":true,"href":"https:\/\/neanoticias.com\/index.php\/wp-json\/wp\/v2\/users\/1"}],"replies":[{"embeddable":true,"href":"https:\/\/neanoticias.com\/index.php\/wp-json\/wp\/v2\/comments?post=1914"}],"version-history":[{"count":1,"href":"https:\/\/neanoticias.com\/index.php\/wp-json\/wp\/v2\/posts\/1914\/revisions"}],"predecessor-version":[{"id":1916,"href":"https:\/\/neanoticias.com\/index.php\/wp-json\/wp\/v2\/posts\/1914\/revisions\/1916"}],"wp:featuredmedia":[{"embeddable":true,"href":"https:\/\/neanoticias.com\/index.php\/wp-json\/wp\/v2\/media\/1915"}],"wp:attachment":[{"href":"https:\/\/neanoticias.com\/index.php\/wp-json\/wp\/v2\/media?parent=1914"}],"wp:term":[{"taxonomy":"category","embeddable":true,"href":"https:\/\/neanoticias.com\/index.php\/wp-json\/wp\/v2\/categories?post=1914"},{"taxonomy":"post_tag","embeddable":true,"href":"https:\/\/neanoticias.com\/index.php\/wp-json\/wp\/v2\/tags?post=1914"}],"curies":[{"name":"wp","href":"https:\/\/api.w.org\/{rel}","templated":true}]}}