{"id":191,"date":"2022-09-22T16:34:26","date_gmt":"2022-09-22T16:34:26","guid":{"rendered":"https:\/\/neanoticias.com\/?p=191"},"modified":"2022-09-22T16:34:26","modified_gmt":"2022-09-22T16:34:26","slug":"feroz-incendio-arraso-con-toda-una-vivienda-en-corrientes-un-joven-sufrio-quemaduras","status":"publish","type":"post","link":"https:\/\/neanoticias.com\/index.php\/2022\/09\/22\/feroz-incendio-arraso-con-toda-una-vivienda-en-corrientes-un-joven-sufrio-quemaduras\/","title":{"rendered":"FEROZ INCENDIO ARRAS\u00d3 CON TODA UNA VIVIENDA EN CORRIENTES: UN JOVEN SUFRI\u00d3 QUEMADURAS"},"content":{"rendered":"\n<p>Los Bomberos lograron controlar el fuego.\u00a0<\/p>\n\n\n\n<figure class=\"wp-block-image size-full\"><img loading=\"lazy\" width=\"770\" height=\"440\" src=\"https:\/\/neanoticias.com\/wp-content\/uploads\/2022\/09\/1663859841608.webp\" alt=\"\" class=\"wp-image-192\" srcset=\"https:\/\/neanoticias.com\/wp-content\/uploads\/2022\/09\/1663859841608.webp 770w, https:\/\/neanoticias.com\/wp-content\/uploads\/2022\/09\/1663859841608-300x171.webp 300w, https:\/\/neanoticias.com\/wp-content\/uploads\/2022\/09\/1663859841608-768x439.webp 768w\" sizes=\"(max-width: 770px) 100vw, 770px\" \/><\/figure>\n\n\n\n<p>Un feroz incendio&nbsp;&nbsp;<strong>arras\u00f3 con una casa y dej\u00f3 un herido<\/strong>&nbsp; en&nbsp;la ciudad de Corrientes, informaron este jueves fuentes de los Bomberos Voluntarios.&nbsp;<\/p>\n\n\n\n<p>La vivienda se encuentra ubicada por calle Las Heras al 1.150 y el fuego afect\u00f3&nbsp;a 3 habitaciones del inmueble, detallaron.&nbsp;<\/p>\n\n\n\n<p>Seg\u00fan trascendi\u00f3, el incidente comenz\u00f3 por una&nbsp;&nbsp;<strong>vela que cay\u00f3 al suelo.&nbsp;<\/strong><\/p>\n\n\n\n<p>En ese sentido, los habitantes lograron\u00a0\u00a0<strong>refugiarse en el patio para no ser alcanzados por las llamas.<\/strong><\/p>\n\n\n\n<p>Sin embargo, uno de los integrantes result\u00f3 con algunas quemaduras y fue atendido por el personal de salud, indicaron.&nbsp;<\/p>\n\n\n\n<p>Finalmente, los Bomberos lograron controlar el fuego, pero los afectados solicitan colaboraci\u00f3n.&nbsp;<\/p>\n\n\n\n<p><strong>Los interesados en ayudarlos se pueden comunicar al\u00a03794340135.<\/strong><\/p>\n\n\n\n<p><\/p>\n","protected":false},"excerpt":{"rendered":"<p>Los Bomberos lograron controlar el fuego.\u00a0 Un feroz incendio&nbsp;&nbsp;arras\u00f3 con una casa y dej\u00f3 un&#8230;<\/p>\n","protected":false},"author":1,"featured_media":192,"comment_status":"open","ping_status":"open","sticky":false,"template":"","format":"standard","meta":[],"categories":[1],"tags":[],"_links":{"self":[{"href":"https:\/\/neanoticias.com\/index.php\/wp-json\/wp\/v2\/posts\/191"}],"collection":[{"href":"https:\/\/neanoticias.com\/index.php\/wp-json\/wp\/v2\/posts"}],"about":[{"href":"https:\/\/neanoticias.com\/index.php\/wp-json\/wp\/v2\/types\/post"}],"author":[{"embeddable":true,"href":"https:\/\/neanoticias.com\/index.php\/wp-json\/wp\/v2\/users\/1"}],"replies":[{"embeddable":true,"href":"https:\/\/neanoticias.com\/index.php\/wp-json\/wp\/v2\/comments?post=191"}],"version-history":[{"count":1,"href":"https:\/\/neanoticias.com\/index.php\/wp-json\/wp\/v2\/posts\/191\/revisions"}],"predecessor-version":[{"id":193,"href":"https:\/\/neanoticias.com\/index.php\/wp-json\/wp\/v2\/posts\/191\/revisions\/193"}],"wp:featuredmedia":[{"embeddable":true,"href":"https:\/\/neanoticias.com\/index.php\/wp-json\/wp\/v2\/media\/192"}],"wp:attachment":[{"href":"https:\/\/neanoticias.com\/index.php\/wp-json\/wp\/v2\/media?parent=191"}],"wp:term":[{"taxonomy":"category","embeddable":true,"href":"https:\/\/neanoticias.com\/index.php\/wp-json\/wp\/v2\/categories?post=191"},{"taxonomy":"post_tag","embeddable":true,"href":"https:\/\/neanoticias.com\/index.php\/wp-json\/wp\/v2\/tags?post=191"}],"curies":[{"name":"wp","href":"https:\/\/api.w.org\/{rel}","templated":true}]}}