{"id":1904,"date":"2025-06-19T17:35:56","date_gmt":"2025-06-19T17:35:56","guid":{"rendered":"https:\/\/neanoticias.com\/?p=1904"},"modified":"2025-06-19T17:35:57","modified_gmt":"2025-06-19T17:35:57","slug":"la-ausencia-de-cristina-va-a-ordenar-unas-cosas-y-desordenar-otras","status":"publish","type":"post","link":"https:\/\/neanoticias.com\/index.php\/2025\/06\/19\/la-ausencia-de-cristina-va-a-ordenar-unas-cosas-y-desordenar-otras\/","title":{"rendered":"&#8220;LA AUSENCIA DE CRISTINA VA A ORDENAR UNAS COSAS Y DESORDENAR OTRAS&#8221;"},"content":{"rendered":"\n<p>El consultor pol\u00edtico Enrique Zuleta Puceiro, en contacto con Sudamericana, analiz\u00f3 el impacto institucional del fallo contra Cristina Kirchner y asegur\u00f3 que su salida del escenario ordenar\u00e1 a algunos sectores del peronismo, pero desorientar\u00e1 a otros. \u201cLa ausencia de Cristina va a ordenar unas cosas y desordenar otras\u201d, afirm\u00f3.&nbsp;<\/p>\n\n\n\n<figure class=\"wp-block-image\"><img src=\"https:\/\/ads.donnet.com.ar\/revive-ads\/www\/delivery\/lg.php?bannerid=71&amp;campaignid=12&amp;zoneid=1&amp;loc=https%3A%2F%2Fwww.radiosudamericana.com%2Fnota%2Fpolitica%2F328255-La-ausencia-de-Cristina-va-a-ordenar-unas-cosas-y-desordenar-otras.htm&amp;referer=https%3A%2F%2Fwww.radiosudamericana.com%2F1%2Farchivos.htm&amp;cb=215e7fed2c\" alt=\"\"\/><\/figure>\n\n\n\n<p>El fallo de la Corte Suprema que dej\u00f3 firme la condena a Cristina Fern\u00e1ndez de Kirchner por corrupci\u00f3n en la causa Vialidad moviliz\u00f3 el tablero pol\u00edtico nacional.&nbsp; Para el analista Enrique Zuleta Puceiro, este hecho tiene efectos m\u00faltiples: institucionales, simb\u00f3licos y operativos. Pero, sobre todo, marca una transformaci\u00f3n en la din\u00e1mica del poder dentro del peronismo.<\/p>\n\n\n\n<p><strong>\u201cLa ausencia de Cristina va a ordenar unas cosas y desordenar otras.<\/strong>&nbsp;Para algunos puede representar una oportunidad de reorganizaci\u00f3n, pero para otros es un vac\u00edo de conducci\u00f3n muy dif\u00edcil de llenar\u201d, analiz\u00f3 el consultor en di\u00e1logo con Radio Sudamericana.<\/p>\n\n\n\n<p><audio src=\"https:\/\/www.radiosudamericana.com\/notix\/multimedia\/audios\/2025-06-12\/746316.mp3\"><\/audio><\/p>\n\n\n\n<p>Zuleta Puceiro afirm\u00f3 que hoy no existe hoy una estructura opositora capaz de actuar como interlocutora v\u00e1lida ante el oficialismo. En su visi\u00f3n, el peronismo atraviesa una etapa deliberativa, pero no articulada. \u201c<strong>No hay un peronismo. Hay por lo menos, ocho peronismos:<\/strong>&nbsp;gobernadores, intendentes, gremios, provincias con poder y otras que lo han perdido. Es una constelaci\u00f3n de fuerzas que todav\u00eda no logra una conducci\u00f3n central\u201d, sostuvo.<\/p>\n\n\n\n<p>A esa falta de liderazgo se suma el impacto que tiene la salida de Cristina de los espacios de decisi\u00f3n partidaria:&nbsp;<strong>\u201cHay un vac\u00edo, y eso produce un reordenamiento que todav\u00eda no est\u00e1 claro hacia d\u00f3nde va\u201d.<\/strong><\/p>\n\n\n\n<p>El consultor remarc\u00f3 que la sentencia tiene una dimensi\u00f3n jur\u00eddica clara, pero que su repercusi\u00f3n excede los tribunales: \u201cEl fallo no s\u00f3lo ratifica una condena, sino que genera un entorno de incertidumbre, amplificado por versiones sobre arrestos domiciliarios, tobillera electr\u00f3nica y alertas migratorias\u201d.<\/p>\n\n\n\n<p>\u201cTodo ese montaje medi\u00e1tico demuestra que no estamos ante un fallo m\u00e1s, sino ante un punto de inflexi\u00f3n con implicancias pol\u00edticas muy fuertes\u201d, explic\u00f3.<\/p>\n\n\n\n<p>Zuleta tambi\u00e9n hizo referencia a las manifestaciones y protestas sociales tras el fallo. Aclar\u00f3 que no se trata de una respuesta organizada del peronismo, sino de expresiones de sectores que han perdido referencia pol\u00edtica. \u201cLo que se ve en la calle no es peronismo cl\u00e1sico. Son organizaciones piqueteras, sectores sociales que acompa\u00f1aron al kirchnerismo, pero que hoy act\u00faan por fuera de un esquema partidario\u201d, explic\u00f3.<\/p>\n\n\n\n<p>En este contexto,&nbsp;<strong>hizo referencia a un \u201cmontaje medi\u00e1tico\u201d&nbsp;<\/strong>que reflejar\u00e1 lo siguiente: \u201cEst\u00e1n buscando visibilidad, espacio en listas, representaci\u00f3n. Pero no responden a una conducci\u00f3n \u00fanica\u201d, a\u00f1adi\u00f3.<\/p>\n","protected":false},"excerpt":{"rendered":"<p>El consultor pol\u00edtico Enrique Zuleta Puceiro, en contacto con Sudamericana, analiz\u00f3 el impacto institucional del&#8230;<\/p>\n","protected":false},"author":1,"featured_media":1905,"comment_status":"open","ping_status":"open","sticky":false,"template":"","format":"standard","meta":[],"categories":[1],"tags":[],"_links":{"self":[{"href":"https:\/\/neanoticias.com\/index.php\/wp-json\/wp\/v2\/posts\/1904"}],"collection":[{"href":"https:\/\/neanoticias.com\/index.php\/wp-json\/wp\/v2\/posts"}],"about":[{"href":"https:\/\/neanoticias.com\/index.php\/wp-json\/wp\/v2\/types\/post"}],"author":[{"embeddable":true,"href":"https:\/\/neanoticias.com\/index.php\/wp-json\/wp\/v2\/users\/1"}],"replies":[{"embeddable":true,"href":"https:\/\/neanoticias.com\/index.php\/wp-json\/wp\/v2\/comments?post=1904"}],"version-history":[{"count":1,"href":"https:\/\/neanoticias.com\/index.php\/wp-json\/wp\/v2\/posts\/1904\/revisions"}],"predecessor-version":[{"id":1906,"href":"https:\/\/neanoticias.com\/index.php\/wp-json\/wp\/v2\/posts\/1904\/revisions\/1906"}],"wp:featuredmedia":[{"embeddable":true,"href":"https:\/\/neanoticias.com\/index.php\/wp-json\/wp\/v2\/media\/1905"}],"wp:attachment":[{"href":"https:\/\/neanoticias.com\/index.php\/wp-json\/wp\/v2\/media?parent=1904"}],"wp:term":[{"taxonomy":"category","embeddable":true,"href":"https:\/\/neanoticias.com\/index.php\/wp-json\/wp\/v2\/categories?post=1904"},{"taxonomy":"post_tag","embeddable":true,"href":"https:\/\/neanoticias.com\/index.php\/wp-json\/wp\/v2\/tags?post=1904"}],"curies":[{"name":"wp","href":"https:\/\/api.w.org\/{rel}","templated":true}]}}