{"id":188,"date":"2022-09-22T16:32:32","date_gmt":"2022-09-22T16:32:32","guid":{"rendered":"https:\/\/neanoticias.com\/?p=188"},"modified":"2022-09-22T16:32:34","modified_gmt":"2022-09-22T16:32:34","slug":"corrientes-transforman-un-baldio-en-una-plazoleta-inclusiva","status":"publish","type":"post","link":"https:\/\/neanoticias.com\/index.php\/2022\/09\/22\/corrientes-transforman-un-baldio-en-una-plazoleta-inclusiva\/","title":{"rendered":"CORRIENTES: TRANSFORMAN UN BALD\u00cdO EN UNA PLAZOLETA INCLUSIVA"},"content":{"rendered":"\n<p>Es un lugar que\u00a0est\u00e1 rodeado de propiedades privadas.<\/p>\n\n\n\n<figure class=\"wp-block-image size-full\"><img loading=\"lazy\" width=\"770\" height=\"440\" src=\"https:\/\/neanoticias.com\/wp-content\/uploads\/2022\/09\/1663821687826.webp\" alt=\"\" class=\"wp-image-189\" srcset=\"https:\/\/neanoticias.com\/wp-content\/uploads\/2022\/09\/1663821687826.webp 770w, https:\/\/neanoticias.com\/wp-content\/uploads\/2022\/09\/1663821687826-300x171.webp 300w, https:\/\/neanoticias.com\/wp-content\/uploads\/2022\/09\/1663821687826-768x439.webp 768w\" sizes=\"(max-width: 770px) 100vw, 770px\" \/><\/figure>\n\n\n\n<p>Los vecinos del barrio G\u00fcemes contar\u00e1n con una nueva plazoleta, sobre la cuadra de la calle Jos\u00e9 Darragueira al 2000. El predio, que era un bald\u00edo con una improvisada canchita de f\u00fatbol, se convertir\u00e1 en un sitio con juegos, elementos para ejercicios f\u00edsicos, veredas inclusivas, bancos, luces led y una renovada \u00e1rea deportiva.<\/p>\n\n\n\n<p>El lugar est\u00e1 rodeado de propiedades privadas y sobre el espacio verde dan varios muros, por eso el proyecto municipal tambi\u00e9n contempla pintar un mural art\u00edstico -a trav\u00e9s de la Direcci\u00f3n General de Arte P\u00fablico municipal-, que tendr\u00e1 una tem\u00e1tica que ser\u00e1 definida por los propios vecinos del lugar.<\/p>\n\n\n\n<p>La participaci\u00f3n vecinal fue clave, ya que esta iniciativa fue planteada en su momento por un grupo de habitantes de esa zona del G\u00fcemes a las autoridades municipales y poco despu\u00e9s obtuvieron una respuesta positiva, con lo cual avanz\u00f3 finalmente la construcci\u00f3n de esta plazoleta en un vecindario que tiene una importante densidad poblacional.<\/p>\n\n\n\n<p>\u201cNos encontramos en este espacio p\u00fablico municipal del barrio G\u00fcemes donde estamos haciendo una plazoleta; preservando una canchita de f\u00fatbol que es muy demandada por los vecinos de la zona. De esta manera, seguimos en el camino del aprovechamiento de los espacios verdes que tenemos en la ciudad\u201d, se\u00f1al\u00f3 el intendente Eduardo Tassano al verificar las obras iniciales en el predio de la calle Darragueira.<\/p>\n\n\n\n<p>La actual gesti\u00f3n ya lleva construidas, desde cero, m\u00e1s de 30 plazas; mientras que hay otras 120 que fueron recuperadas.<\/p>\n","protected":false},"excerpt":{"rendered":"<p>Es un lugar que\u00a0est\u00e1 rodeado de propiedades privadas. Los vecinos del barrio G\u00fcemes contar\u00e1n con&#8230;<\/p>\n","protected":false},"author":1,"featured_media":189,"comment_status":"open","ping_status":"open","sticky":false,"template":"","format":"standard","meta":[],"categories":[1],"tags":[],"_links":{"self":[{"href":"https:\/\/neanoticias.com\/index.php\/wp-json\/wp\/v2\/posts\/188"}],"collection":[{"href":"https:\/\/neanoticias.com\/index.php\/wp-json\/wp\/v2\/posts"}],"about":[{"href":"https:\/\/neanoticias.com\/index.php\/wp-json\/wp\/v2\/types\/post"}],"author":[{"embeddable":true,"href":"https:\/\/neanoticias.com\/index.php\/wp-json\/wp\/v2\/users\/1"}],"replies":[{"embeddable":true,"href":"https:\/\/neanoticias.com\/index.php\/wp-json\/wp\/v2\/comments?post=188"}],"version-history":[{"count":1,"href":"https:\/\/neanoticias.com\/index.php\/wp-json\/wp\/v2\/posts\/188\/revisions"}],"predecessor-version":[{"id":190,"href":"https:\/\/neanoticias.com\/index.php\/wp-json\/wp\/v2\/posts\/188\/revisions\/190"}],"wp:featuredmedia":[{"embeddable":true,"href":"https:\/\/neanoticias.com\/index.php\/wp-json\/wp\/v2\/media\/189"}],"wp:attachment":[{"href":"https:\/\/neanoticias.com\/index.php\/wp-json\/wp\/v2\/media?parent=188"}],"wp:term":[{"taxonomy":"category","embeddable":true,"href":"https:\/\/neanoticias.com\/index.php\/wp-json\/wp\/v2\/categories?post=188"},{"taxonomy":"post_tag","embeddable":true,"href":"https:\/\/neanoticias.com\/index.php\/wp-json\/wp\/v2\/tags?post=188"}],"curies":[{"name":"wp","href":"https:\/\/api.w.org\/{rel}","templated":true}]}}