{"id":185,"date":"2022-09-22T16:23:39","date_gmt":"2022-09-22T16:23:39","guid":{"rendered":"https:\/\/neanoticias.com\/?p=185"},"modified":"2022-09-22T16:23:41","modified_gmt":"2022-09-22T16:23:41","slug":"encuentro-de-autoridades-del-bloque-regional","status":"publish","type":"post","link":"https:\/\/neanoticias.com\/index.php\/2022\/09\/22\/encuentro-de-autoridades-del-bloque-regional\/","title":{"rendered":"ENCUENTRO DE AUTORIDADES DEL BLOQUE REGIONAL"},"content":{"rendered":"\n<p><strong><br>Tassano entreg\u00f3 declaraciones de<br>Hu\u00e9sped de Honor a los vicegobernadores del Norte Grande<\/strong><\/p>\n\n\n\n<figure class=\"wp-block-image size-large\"><img loading=\"lazy\" width=\"1024\" height=\"681\" src=\"https:\/\/neanoticias.com\/wp-content\/uploads\/2022\/09\/6e73fe95-39a0-9bb8-b473-79f3637ba7b7-1024x681.jpg\" alt=\"\" class=\"wp-image-186\" srcset=\"https:\/\/neanoticias.com\/wp-content\/uploads\/2022\/09\/6e73fe95-39a0-9bb8-b473-79f3637ba7b7-1024x681.jpg 1024w, https:\/\/neanoticias.com\/wp-content\/uploads\/2022\/09\/6e73fe95-39a0-9bb8-b473-79f3637ba7b7-300x200.jpg 300w, https:\/\/neanoticias.com\/wp-content\/uploads\/2022\/09\/6e73fe95-39a0-9bb8-b473-79f3637ba7b7-768x511.jpg 768w, https:\/\/neanoticias.com\/wp-content\/uploads\/2022\/09\/6e73fe95-39a0-9bb8-b473-79f3637ba7b7-1536x1022.jpg 1536w, https:\/\/neanoticias.com\/wp-content\/uploads\/2022\/09\/6e73fe95-39a0-9bb8-b473-79f3637ba7b7-2048x1363.jpg 2048w\" sizes=\"(max-width: 1024px) 100vw, 1024px\" \/><\/figure>\n\n\n\n<p><em>\u201cTrabajando en conjunto se puede lograr revertir algunas inequidades que vienen de anta\u00f1o\u201d, resalt\u00f3 el intendente. \u201cEsto da una gran fuerza para las obras que se necesitan para el despegue de toda esta zona, tan postergada durante muchos a\u00f1os por la Naci\u00f3n\u201d, dijo el vice Lanari, quien tambi\u00e9n particip\u00f3 del acto, concretado en la Legislatura provincial, previo a la reuni\u00f3n en la ciudad de la mesa ejecutiva del foro que agrupa a los vice de las diez provincias integrantes del bloque NEA-NOA. Anteriormente, este jueves, hab\u00edan deliberado los gobernadores en Resistencia.<\/em><\/p>\n\n\n\n<figure class=\"wp-block-embed is-type-video is-provider-youtube wp-block-embed-youtube wp-embed-aspect-16-9 wp-has-aspect-ratio\"><div class=\"wp-block-embed__wrapper\">\n<iframe loading=\"lazy\" title=\"Tassano entreg\u00f3 declaraciones de Hu\u00e9sped de Honor a los vicegobernadores del Norte Grande\" width=\"640\" height=\"360\" src=\"https:\/\/www.youtube.com\/embed\/kzo4P9LseGw?feature=oembed\" frameborder=\"0\" allow=\"accelerometer; autoplay; clipboard-write; encrypted-media; gyroscope; picture-in-picture\" allowfullscreen><\/iframe>\n<\/div><\/figure>\n\n\n\n<p>En la ma\u00f1ana de este viernes, el intendente Eduardo Tassano y el viceintendente Emilio Lanari entregaron a los vicegobernadores del Norte Grande declaraciones de Hu\u00e9sped de Honor, en un acto llevado a cabo en la Legislatura provincial en el marco de la reuni\u00f3n de la mesa ejecutiva del foro de autoridades parlamentarias del bloque regional integrado por diez provincias del NEA y del NOA.<br>Las deliberaciones de los vicegobernadores se enmarcan adem\u00e1s en el encuentro de los gobernadores del Norte Grande -entre ellos Gustavo Vald\u00e9s- que se realiz\u00f3 el jueves en la vecina ciudad de Resistencia, Chaco.<br>El acto de recepci\u00f3n formal en la capital correntina estuvo encabezado por el vicegobernador anfitri\u00f3n, Pedro Braillard Poccard; el presidente de la C\u00e1mara de Diputados, Pedro Cassani; y la presidenta del Parlamento del Norte Grande, la vice de La Rioja, Florencia L\u00f3pez; adem\u00e1s de todos los integrantes de la mesa ejecutiva de este foro parlamentario.<br>\u201cAcompa\u00f1amos al vicegobernador y al titular de la C\u00e1mara de Diputados en la recepci\u00f3n de las autoridades visitantes, que normalmente son los presidentes de las legislaturas de sus provincias del Norte Grande\u201d, indic\u00f3 Tassano luego de la entrega de declaraciones de Hu\u00e9sped de Honor.<br>En este sentido, tambi\u00e9n destac\u00f3 el encuentro del jueves, protagonizado por los gobernadores del bloque regional: \u201cTrabajando en conjunto se puede lograr revertir algunas inequidades que vienen de anta\u00f1o\u201d, resalt\u00f3.<br>Asimismo, el intendente correntino subray\u00f3 la necesidad de una uni\u00f3n regi\u00f3n para un reclamo com\u00fan \u201csobre cuestiones esenciales en que hemos sido postergados\u201d.<br>\u201cEstas reuniones son muy importantes\u201d, dijo y marc\u00f3 el \u201ctrabajo legislativo conjunto de diferentes provincias en pos de los mismos objetivos\u201d.<br>Finalmente, Tassano ponder\u00f3 la importancia de estas gestiones y abog\u00f3 por su continuidad en el tiempo. \u201cEstos pasos a nivel provincial son trascendentales\u201d, concluy\u00f3.<br>\u00a0<br>\u201cTRABAJANDO JUNTOS, LOS RESULTADOS SER\u00c1N M\u00c1S POSITIVOS\u201d<br>\u201cFue una reuni\u00f3n muy importante. Lo que se est\u00e1 haciendo durante los \u00faltimos a\u00f1os tiene una importancia fundamental; todos los gobernadores y los integrantes de los cuerpos legislativos del Norte Grande, reuni\u00e9ndose y afrontando una problem\u00e1tica en com\u00fan\u201d, valor\u00f3 por su parte Lanari. \u201cCreo que es algo que era necesario para nuestro pa\u00eds. Las necesidades del NEA y el NOA son muy parecidas, donde hay \u00edndices de desocupaci\u00f3n, desnutrici\u00f3n y pobreza altos, y donde hay una necesidad de inversi\u00f3n de infraestructura muy importante\u201d, reiter\u00f3 luego. \u00a0<br>En ese sentido, el viceintendente fue contundente al recalcar el hecho de que \u201cdesde a\u00f1os anteriores, se hayan reunido de forma sistem\u00e1tica, los gobernadores y los parlamentarios de todo el Norte Grande\u201d, acerca de lo cual interpret\u00f3 que \u201cesto da una gran fuerza para las obras que se necesitan para el despegue de toda esta zona, tan postergada durante muchos a\u00f1os por la Naci\u00f3n\u201d.<br>\u201cTenemos que hablar de ferrocarriles, de puentes, de gasoductos, de carreteras, as\u00ed que, trabajando en conjunto entre todas las provincias, los resultados pueden ser mucho m\u00e1s positivos que lo cada una consiga individualmente; y creo que por fin los argentinos, independientemente de las distinciones pol\u00edticas, entendieron que las necesidades del NEA y NOA son superiores a cada uno de ellos\u201d, subray\u00f3 Lanari.<br>Finalmente, al ser consultado respecto de la declaraci\u00f3n de inter\u00e9s de parte de la Municipalidad de Corrientes acerca de la realizaci\u00f3n de este evento, el viceintendente consider\u00f3 que se trat\u00f3 de \u201cun gesto del Municipio resaltando la importancia que tiene este encuentro para todos los integrantes del Norte Grande\u201d.<br>\u00a0<br>\u201cUN NUEVO PASO PARA CONSOLIDAR LA UNI\u00d3N DEL NORTE GRANDE\u201d<br>El vicegobernador Pedro Braillard Poccard valor\u00f3 el c\u00f3nclave que, seg\u00fan consider\u00f3, reposiciona a esta regi\u00f3n del pa\u00eds en el lugar que se merece: \u201cEste encuentro tiene un gran significado, porque estamos dando un nuevo paso para consolidar la uni\u00f3n el Norte Grande. Tenemos claro que podemos tener diferencias pol\u00edticas, pero tenemos problemas en com\u00fan, y eso nos plantea el desaf\u00edo de trabajar juntos para revertir injusticias que existen con respecto al Norte argentino, que es nuestro pa\u00eds primario, la Argentina original\u201d, manifest\u00f3.\u00a0<br>En ese sentido, posicion\u00f3 al NEA-NOA en un lugar preponderante por ser art\u00edfice principal en la historia del pa\u00eds. \u201cLa regi\u00f3n tuvo que ver con la gesta libertaria y la organizaci\u00f3n nacional, todo lo dio este Norte. Entonces entendemos que no puede ser que esta regi\u00f3n haya quedado -a trav\u00e9s de los a\u00f1os y por pol\u00edticas equivocadas de centralismo- absolutamente postergada. Y es eso lo que tenemos que revertir y para eso debemos trabajar juntos\u201d, acentu\u00f3 Braillard Poccard.<br>Finalmente, el vicegobernador consider\u00f3 que \u201cel foro de gobernadores es un tema central, y nosotros, desde nuestro lugar, prestamos un apoyo legislativo\u201d.<\/p>\n","protected":false},"excerpt":{"rendered":"<p>Tassano entreg\u00f3 declaraciones deHu\u00e9sped de Honor a los vicegobernadores del Norte Grande \u201cTrabajando en conjunto&#8230;<\/p>\n","protected":false},"author":1,"featured_media":186,"comment_status":"open","ping_status":"open","sticky":false,"template":"","format":"standard","meta":[],"categories":[1],"tags":[],"_links":{"self":[{"href":"https:\/\/neanoticias.com\/index.php\/wp-json\/wp\/v2\/posts\/185"}],"collection":[{"href":"https:\/\/neanoticias.com\/index.php\/wp-json\/wp\/v2\/posts"}],"about":[{"href":"https:\/\/neanoticias.com\/index.php\/wp-json\/wp\/v2\/types\/post"}],"author":[{"embeddable":true,"href":"https:\/\/neanoticias.com\/index.php\/wp-json\/wp\/v2\/users\/1"}],"replies":[{"embeddable":true,"href":"https:\/\/neanoticias.com\/index.php\/wp-json\/wp\/v2\/comments?post=185"}],"version-history":[{"count":1,"href":"https:\/\/neanoticias.com\/index.php\/wp-json\/wp\/v2\/posts\/185\/revisions"}],"predecessor-version":[{"id":187,"href":"https:\/\/neanoticias.com\/index.php\/wp-json\/wp\/v2\/posts\/185\/revisions\/187"}],"wp:featuredmedia":[{"embeddable":true,"href":"https:\/\/neanoticias.com\/index.php\/wp-json\/wp\/v2\/media\/186"}],"wp:attachment":[{"href":"https:\/\/neanoticias.com\/index.php\/wp-json\/wp\/v2\/media?parent=185"}],"wp:term":[{"taxonomy":"category","embeddable":true,"href":"https:\/\/neanoticias.com\/index.php\/wp-json\/wp\/v2\/categories?post=185"},{"taxonomy":"post_tag","embeddable":true,"href":"https:\/\/neanoticias.com\/index.php\/wp-json\/wp\/v2\/tags?post=185"}],"curies":[{"name":"wp","href":"https:\/\/api.w.org\/{rel}","templated":true}]}}