{"id":1845,"date":"2025-05-22T20:48:22","date_gmt":"2025-05-22T20:48:22","guid":{"rendered":"https:\/\/neanoticias.com\/?p=1845"},"modified":"2025-05-22T20:48:24","modified_gmt":"2025-05-22T20:48:24","slug":"a-mi-hijo-lo-atacaron-se-defendio-y-ahora-no-puede-ir-a-la-escuela","status":"publish","type":"post","link":"https:\/\/neanoticias.com\/index.php\/2025\/05\/22\/a-mi-hijo-lo-atacaron-se-defendio-y-ahora-no-puede-ir-a-la-escuela\/","title":{"rendered":"&#8220;A MI HIJO LO ATACARON, SE DEFENDI\u00d3 Y AHORA NO PUEDE IR A LA ESCUELA&#8221;"},"content":{"rendered":"\n<p>Juan Carlos Rocha Tabare \u2014padre del adolescente agredido dentro del colegio secundario Mamerto Acu\u00f1a, en Alvear\u2014 relat\u00f3 con angustia el calvario que vive su hijo:&nbsp;&#8220;A mi hijo lo atacaron, se defendi\u00f3 y ahora no puede ir a la escuela&#8221;, expres\u00f3.&nbsp;<\/p>\n\n\n\n<figure class=\"wp-block-image\"><img src=\"https:\/\/ads.donnet.com.ar\/revive-ads\/www\/delivery\/lg.php?bannerid=71&amp;campaignid=12&amp;zoneid=1&amp;loc=https%3A%2F%2Fwww.radiosudamericana.com%2Fnota%2Fpoliciales%2F326897-A-mi-hijo-lo-atacaron--se-defendio-y-ahora-no-puede-ir-a-la-escuela.htm&amp;referer=https%3A%2F%2Fwww.radiosudamericana.com%2F1%2Farchivos.htm&amp;cb=b67dc4fc67\" alt=\"\"\/><\/figure>\n\n\n\n<p><audio src=\"https:\/\/www.radiosudamericana.com\/notix\/multimedia\/audios\/2025-05-16\/820727.mp3\"><\/audio><\/p>\n\n\n\n<p>Un padre denunci\u00f3 p\u00fablicamente la agresi\u00f3n que sufri\u00f3 su hijo de 14 a\u00f1os dentro del colegio secundario Dr. Mamerto Acu\u00f1a. El hecho ocurri\u00f3 el pasado martes 13 de mayo, dentro del aula, cuando tres compa\u00f1eros lo golpearon a pu\u00f1o limpio y patadas, mientras otros filmaban la escena.<\/p>\n\n\n\n<p>El adolescente cursa el tercer a\u00f1o del turno ma\u00f1ana y, seg\u00fan su padre, Juan Carlos Rocha Tabare, no es la primera vez que sufre una agresi\u00f3n. En 2023 ya hab\u00eda sido v\u00edctima de un hecho similar, y como medida preventiva, el colegio lo hab\u00eda cambiado de turno. Este a\u00f1o volvi\u00f3 al turno original y se repiti\u00f3 la violencia.<\/p>\n\n\n\n<p><em><strong>\u201cMi hijo fue atacado. Se defendi\u00f3, pero ahora lo castigan a \u00e9l tambi\u00e9n. No puede volver al colegio hasta el 26 de mayo\u201d,&nbsp;<\/strong><\/em>explic\u00f3 el padre en di\u00e1logo con Radio Sudamericana.<br><strong>\u201cYo me pregunto por qu\u00e9 lo castigan si fue el que recibi\u00f3 los golpes\u201d, reclam\u00f3 con angustia.<\/strong><\/p>\n\n\n\n<p>El colegio decidi\u00f3 suspender tanto a los agresores como al alumno agredido.&nbsp; \u201cNo me avisaron de la pelea porque supuestamente no ten\u00edan mi n\u00famero, pero despu\u00e9s lo encontraron para citarme y avisarme lo que hab\u00edan decidido, raro\u201d, se\u00f1al\u00f3 con iron\u00eda.<\/p>\n\n\n\n<p>El caso ya fue denunciado tanto en sede policial como judicial. En la audiencia con el juez tambi\u00e9n estuvieron presentes autoridades del colegio y una doctora del juzgado que, seg\u00fan relat\u00f3 el padre, se mostr\u00f3 sorprendida por lo ocurrido y destac\u00f3 la conducta tranquila del joven.<\/p>\n\n\n\n<p>Juan Carlos tambi\u00e9n cont\u00f3 que su hijo no recibi\u00f3 ning\u00fan tipo de asistencia psicol\u00f3gica: \u201cHasta ahora, ning\u00fan psic\u00f3logo, ni psicopedagogo se acerc\u00f3 a hablar con mi hijo. Nadie del gabinete. Solo una profesora trajo tareas por WhatsApp\u201d.<\/p>\n\n\n\n<p>Asegura que el chico permanece en su casa y que han intentado animarlo: \u201cLe dije que a su mam\u00e1 le dolia la cabeza, que le acompa\u00f1e a hacer los mandados as\u00ed sale y se distrae un poco. \u00c9l dice que est\u00e1 bien pero es muy quieto, no s\u00e9\u201d.<\/p>\n\n\n\n<p>El hombre relat\u00f3 que un padre se acerc\u00f3 a su casa junto a su hija \u2014una de las que aparece en los videos\u2014 para pedir disculpas. Tambi\u00e9n algunos compa\u00f1eros visitaron al adolescente, le entregaron cartitas, lo invitaron a un cumplea\u00f1os y le expresaron su apoyo.<\/p>\n\n\n\n<p>El chico tiene un hermano mellizo que tambi\u00e9n cursa en el mismo colegio, pero en otra divisi\u00f3n. Rocha cont\u00f3 que el hermano tampoco quiere ir a clases por miedo a las burlas.<\/p>\n\n\n\n<p>\u201cSon chicos tranquilos, bien educados. No pelean, no insultan, no molestan a nadie. No entiendo por qu\u00e9 les hacen esto\u201d, lament\u00f3.<\/p>\n\n\n\n<p>La familia vive con lo justo. Juan Carlos trabaja en una balsa en el puerto de Alvear, realizando el cruce de personas y veh\u00edculos hacia la localidad brasile\u00f1a de Itaqu\u00ed. No tienen Wi-Fi en casa, y los chicos usan celulares antiguos. \u201cNo pueden participar de los grupos escolares por WhatsApp, y eso tambi\u00e9n los deja afuera de todo\u201d, agreg\u00f3.<\/p>\n\n\n\n<p>\u201cMi hijo no tiene ninguna enfermedad, como algunos andan diciendo. Es un chico sano, tranquilo. Solo que es distinto a los dem\u00e1s, no tiene esa viveza de los chicos de la calle. \u00bfSer\u00e1 por eso que lo toman de punto, porque es tranquilo?\u201d, cerr\u00f3 diciendo&nbsp;&nbsp;el padre visiblemente afligido.&nbsp;<\/p>\n","protected":false},"excerpt":{"rendered":"<p>Juan Carlos Rocha Tabare \u2014padre del adolescente agredido dentro del colegio secundario Mamerto Acu\u00f1a, en&#8230;<\/p>\n","protected":false},"author":1,"featured_media":1846,"comment_status":"open","ping_status":"open","sticky":false,"template":"","format":"standard","meta":[],"categories":[1],"tags":[],"_links":{"self":[{"href":"https:\/\/neanoticias.com\/index.php\/wp-json\/wp\/v2\/posts\/1845"}],"collection":[{"href":"https:\/\/neanoticias.com\/index.php\/wp-json\/wp\/v2\/posts"}],"about":[{"href":"https:\/\/neanoticias.com\/index.php\/wp-json\/wp\/v2\/types\/post"}],"author":[{"embeddable":true,"href":"https:\/\/neanoticias.com\/index.php\/wp-json\/wp\/v2\/users\/1"}],"replies":[{"embeddable":true,"href":"https:\/\/neanoticias.com\/index.php\/wp-json\/wp\/v2\/comments?post=1845"}],"version-history":[{"count":1,"href":"https:\/\/neanoticias.com\/index.php\/wp-json\/wp\/v2\/posts\/1845\/revisions"}],"predecessor-version":[{"id":1847,"href":"https:\/\/neanoticias.com\/index.php\/wp-json\/wp\/v2\/posts\/1845\/revisions\/1847"}],"wp:featuredmedia":[{"embeddable":true,"href":"https:\/\/neanoticias.com\/index.php\/wp-json\/wp\/v2\/media\/1846"}],"wp:attachment":[{"href":"https:\/\/neanoticias.com\/index.php\/wp-json\/wp\/v2\/media?parent=1845"}],"wp:term":[{"taxonomy":"category","embeddable":true,"href":"https:\/\/neanoticias.com\/index.php\/wp-json\/wp\/v2\/categories?post=1845"},{"taxonomy":"post_tag","embeddable":true,"href":"https:\/\/neanoticias.com\/index.php\/wp-json\/wp\/v2\/tags?post=1845"}],"curies":[{"name":"wp","href":"https:\/\/api.w.org\/{rel}","templated":true}]}}