{"id":1842,"date":"2025-05-22T20:43:38","date_gmt":"2025-05-22T20:43:38","guid":{"rendered":"https:\/\/neanoticias.com\/?p=1842"},"modified":"2025-05-22T20:43:39","modified_gmt":"2025-05-22T20:43:39","slug":"loan-desestimaron-la-hipotesis-narco-planteada-por-gustavo-vera","status":"publish","type":"post","link":"https:\/\/neanoticias.com\/index.php\/2025\/05\/22\/loan-desestimaron-la-hipotesis-narco-planteada-por-gustavo-vera\/","title":{"rendered":"LOAN: DESESTIMARON LA HIP\u00d3TESIS NARCO PLANTEADA POR GUSTAVO VERA"},"content":{"rendered":"\n<p>La jueza federal Cristina Pozzer Penzo dispuso el archivo del expediente 2498\/24, que sosten\u00eda una posible conexi\u00f3n entre la desaparici\u00f3n de Loan y una causa narco iniciada en 2021. La hip\u00f3tesis hab\u00eda sido impulsada por Gustavo Vera de la Fundaci\u00f3n Alameda&nbsp;con datos proporcionados presuntamente por Nicol\u00e1s Soria, &#8220;El Americano&#8221;.<\/p>\n\n\n\n<figure class=\"wp-block-image\"><img src=\"https:\/\/ads.donnet.com.ar\/revive-ads\/www\/delivery\/lg.php?bannerid=71&amp;campaignid=12&amp;zoneid=1&amp;loc=https%3A%2F%2Fwww.radiosudamericana.com%2Fnota%2Fpoliciales%2F326896-Loan--desestimaron-la-hipotesis-narco-planteada-por-Gustavo-Vera.htm&amp;referer=https%3A%2F%2Fwww.radiosudamericana.com%2F1%2Farchivos.htm&amp;cb=04fb46dc93\" alt=\"\"\/><\/figure>\n\n\n\n<p><a rel=\"noreferrer noopener\" href=\"https:\/\/www.facebook.com\/sharer.php?u=https%3A%2F%2Fwww.radiosudamericana.com%2Fnota%2Fpoliciales%2F326896-Loan--desestimaron-la-hipotesis-narco-planteada-por-Gustavo-Vera.htm\" target=\"_blank\"><\/a><\/p>\n\n\n\n<p>La jueza federal de Goya, Cristina Elizabeth Pozzer Penzo, resolvi\u00f3 archivar uno de los expedientes vinculados al caso Loan Danilo Pe\u00f1a. Se trata de la causa FCT 2498\/2024, en la que se investigaba la posible vinculaci\u00f3n entre el secuestro del ni\u00f1o correntino y una organizaci\u00f3n narco familiar liderada por Javier \u201cCabez\u00f3n\u201d L\u00f3pez.<strong>&nbsp;La decisi\u00f3n fue tomada al no encontrarse elementos que acrediten un il\u00edcito penal, ni conexi\u00f3n alguna entre ambas causas.<\/strong><\/p>\n\n\n\n<p>La medida judicial aclara que \u201cno se comprob\u00f3 il\u00edcito penal alguno para la competitividad de la informaci\u00f3n obrante en la causa donde se investiga la desaparici\u00f3n de menor de edad por posible sustracci\u00f3n de menores calificada por la edad, menor de diez a\u00f1os\u201d,&nbsp;<strong>desestimando as\u00ed cualquier nexo entre los implicados en la causa narco y el caso Loan.<\/strong><\/p>\n\n\n\n<p><audio src=\"https:\/\/www.radiosudamericana.com\/notix\/multimedia\/audios\/2025-05-16\/762116.mp3\"><\/audio><\/p>\n\n\n\n<p>El periodista Rafael Palacios, de Radio Sudamericana, confirm\u00f3 que \u201cesta es la causa que se inici\u00f3 justamente en 2021 contra Javier \u2018Cabez\u00f3n\u2019 L\u00f3pez y sus familiares. En el d\u00eda de hoy lleg\u00f3 la informaci\u00f3n a los abogados del caso, y en el punto seis de la resoluci\u00f3n se deja claro que esta causa no tiene absolutamente nada que ver con la causa Loan\u201d.<\/p>\n\n\n\n<p>La hip\u00f3tesis narco hab\u00eda sido sostenida p\u00fablicamente por Gustavo Vera, referente de La Alameda, quien se\u00f1al\u00f3 que Loan podr\u00eda haber sido secuestrado como parte de un presunto \u201cintercambio\u201d para beneficiar judicialmente a Melanie y Lautaro L\u00f3pez, ambos involucrados en una causa por narcotr\u00e1fico.&nbsp;<strong>Vera asegur\u00f3 que la informaci\u00f3n le fue proporcionada por Nicol\u00e1s Soria, alias \u201cel Yankee\u201d<\/strong>, un personaje que se hac\u00eda pasar por agente de inteligencia, hoy detenido y vinculado a la causa conexa de la desaparici\u00f3n del peque\u00f1o Loan Pe\u00f1a.<\/p>\n\n\n\n<p>Sin embargo, el expediente judicial se\u00f1ala que el expediente de Soria (FCT 2157\/2025) fue analizado junto con el 2498\/2024 y que se determin\u00f3 su archivo por falta de pruebas.<\/p>\n\n\n\n<p>Seg\u00fan el cronista, \u201cellos dec\u00edan que el allanamiento al Clan L\u00f3pez fue el 12, pero en realidad fue el 13 de junio, el mismo d\u00eda que desapareci\u00f3 Loan. El procedimiento arranc\u00f3 a las 6:50 de la ma\u00f1ana y termin\u00f3 a la tarde. A esa hora los federales reci\u00e9n se enteraron de que hab\u00eda un chico desaparecido.&nbsp;<strong>Es imposible que haya conexi\u00f3n entre los hechos\u201d<\/strong>.<\/p>\n\n\n\n<p>Los allanamientos realizados el 13 de junio de 2024 derivaron en m\u00faltiples detenciones. Melanie L\u00f3pez fue arrestada con 38 kilos de marihuana. Javier \u201cCabez\u00f3n\u201d L\u00f3pez fue trasladado al penal de m\u00e1xima seguridad de Ezeiza, y Lautaro Iv\u00e1n L\u00f3pez fue inicialmente liberado por falta de m\u00e9rito, aunque recientemente fue detenido tras nuevas pruebas en su contra.<\/p>\n","protected":false},"excerpt":{"rendered":"<p>La jueza federal Cristina Pozzer Penzo dispuso el archivo del expediente 2498\/24, que sosten\u00eda una&#8230;<\/p>\n","protected":false},"author":1,"featured_media":1843,"comment_status":"open","ping_status":"open","sticky":false,"template":"","format":"standard","meta":[],"categories":[1],"tags":[],"_links":{"self":[{"href":"https:\/\/neanoticias.com\/index.php\/wp-json\/wp\/v2\/posts\/1842"}],"collection":[{"href":"https:\/\/neanoticias.com\/index.php\/wp-json\/wp\/v2\/posts"}],"about":[{"href":"https:\/\/neanoticias.com\/index.php\/wp-json\/wp\/v2\/types\/post"}],"author":[{"embeddable":true,"href":"https:\/\/neanoticias.com\/index.php\/wp-json\/wp\/v2\/users\/1"}],"replies":[{"embeddable":true,"href":"https:\/\/neanoticias.com\/index.php\/wp-json\/wp\/v2\/comments?post=1842"}],"version-history":[{"count":1,"href":"https:\/\/neanoticias.com\/index.php\/wp-json\/wp\/v2\/posts\/1842\/revisions"}],"predecessor-version":[{"id":1844,"href":"https:\/\/neanoticias.com\/index.php\/wp-json\/wp\/v2\/posts\/1842\/revisions\/1844"}],"wp:featuredmedia":[{"embeddable":true,"href":"https:\/\/neanoticias.com\/index.php\/wp-json\/wp\/v2\/media\/1843"}],"wp:attachment":[{"href":"https:\/\/neanoticias.com\/index.php\/wp-json\/wp\/v2\/media?parent=1842"}],"wp:term":[{"taxonomy":"category","embeddable":true,"href":"https:\/\/neanoticias.com\/index.php\/wp-json\/wp\/v2\/categories?post=1842"},{"taxonomy":"post_tag","embeddable":true,"href":"https:\/\/neanoticias.com\/index.php\/wp-json\/wp\/v2\/tags?post=1842"}],"curies":[{"name":"wp","href":"https:\/\/api.w.org\/{rel}","templated":true}]}}