{"id":1836,"date":"2025-05-22T16:22:31","date_gmt":"2025-05-22T16:22:31","guid":{"rendered":"https:\/\/neanoticias.com\/?p=1836"},"modified":"2025-05-22T16:22:32","modified_gmt":"2025-05-22T16:22:32","slug":"rusia-y-ucrania-comienzan-las-primeras-negociaciones-para-alcanzar-un-acuerdo","status":"publish","type":"post","link":"https:\/\/neanoticias.com\/index.php\/2025\/05\/22\/rusia-y-ucrania-comienzan-las-primeras-negociaciones-para-alcanzar-un-acuerdo\/","title":{"rendered":"RUSIA Y UCRANIA COMIENZAN LAS PRIMERAS NEGOCIACIONES PARA ALCANZAR UN ACUERDO"},"content":{"rendered":"\n<p>El di\u00e1logo comenzar\u00e1 este viernes despu\u00e9s de que el presidente ucraniano, Volod\u00edmir Zelenski, acept\u00f3 enviar un equipo negociador pese a sus cr\u00edticas a su par ruso.<\/p>\n\n\n\n<figure class=\"wp-block-image\"><img src=\"https:\/\/ads.donnet.com.ar\/revive-ads\/www\/delivery\/lg.php?bannerid=71&amp;campaignid=12&amp;zoneid=1&amp;loc=https%3A%2F%2Fwww.radiosudamericana.com%2Fnota%2Fmundo%2F326826-Rusia-y-Ucrania-comienzan-las-primeras-negociaciones-para-alcanzar-un-acuerdo.htm&amp;referer=https%3A%2F%2Fwww.radiosudamericana.com%2F2%2F15-05-2025%2Farchivos.htm&amp;cb=0278dd896c\" alt=\"\"\/><\/figure>\n\n\n\n<p><a rel=\"noreferrer noopener\" href=\"https:\/\/www.facebook.com\/sharer.php?u=https%3A%2F%2Fwww.radiosudamericana.com%2Fnota%2Fmundo%2F326826-Rusia-y-Ucrania-comienzan-las-primeras-negociaciones-para-alcanzar-un-acuerdo.htm\" target=\"_blank\"><\/a><\/p>\n\n\n\n<p>Ucrania y Rusia celebrar\u00e1n este viernes en Estambul la primera ronda de contactos directos tras tres a\u00f1os de guerra.<\/p>\n\n\n\n<p>El di\u00e1logo se produce despu\u00e9s de que el presidente ucraniano,\u00a0Volod\u00edmir Zelenski, acept\u00f3 enviar un equipo negociador pese a sus cr\u00edticas a su par ruso,\u00a0Vlad\u00edmir Putin, por no haber aceptado reunirse en persona con \u00e9l y enviado a Turqu\u00eda un equipo negociador sin ministros o figuras de primer nivel pol\u00edtico.<\/p>\n\n\n\n<p>Las tratativas se realizan despu\u00e9s que Putin relev\u00f3 al jefe del Ej\u00e9rcito de Tierra,&nbsp;Oleg Saliukov, quien estaba en el cargo desde 2014. Adem\u00e1s, desde 2023 era subcomandante de la agrupaci\u00f3n militar que combate en Ucrania.<\/p>\n\n\n\n<p>En un primer momento se habl\u00f3 de la posibilidad de que las negociaciones comenzar\u00edan este mismo jueves, pero finalmente se anunci\u00f3 que las deliberaciones iniciar\u00e1n el viernes.<\/p>\n\n\n\n<p><strong>El pesimismo reina en Estambul<\/strong><\/p>\n\n\n\n<p>El secretario de Estado estadounidense,&nbsp;Marco Rubio, dijo que no tiene \u201cgrandes expectativas\u201d sobre las conversaciones ruso-ucranianas.<\/p>\n\n\n\n<p>Sus declaraciones est\u00e1n en l\u00ednea con las de&nbsp;Donald Trump. El presidente estadounidense dijo que no cree \u201cque vaya a pasar nada\u201d hasta que \u00e9l y Putin, se re\u00fanan. \u201cVoy a ser franco, no creo que tenemos grandes expectativas sobre lo que suceder\u00e1\u201d, expres\u00f3 Rubio.<\/p>\n\n\n\n<p>Estas ser\u00e1n&nbsp;las primeras negociaciones de paz directas entre Kiev y Mosc\u00fa&nbsp;desde marzo de 2022, al inicio de la invasi\u00f3n rusa de Ucrania.<\/p>\n\n\n\n<p>La delegaci\u00f3n ucraniana est\u00e1 encabezada por el ministro de Defensa,&nbsp;Rustem Umerov, mientras que la rusa est\u00e1 dirigida por un asesor de Putin,&nbsp;Vladimir Medinski.<\/p>\n\n\n\n<p>Zelenski dud\u00f3 en enviar una delegaci\u00f3n a Estambul ante la negativa de Putin a reunirse cara a cara con \u00e9l, pero finalmente decidi\u00f3 participar con una delegaci\u00f3n ministerial.<\/p>\n\n\n\n<p>\u201cPor respeto al presidente Trump; al alto nivel de la delegaci\u00f3n turca y al presidente (de Turqu\u00eda, Recep Tayyip) Erdogan, y porque queremos tratar de conseguir como m\u00ednimo el primer paso hacia la desescalada (&#8230;), he decidido enviar a nuestra delegaci\u00f3n a Estambul\u201d, declar\u00f3 Zelenski en una rueda de prensa celebrada en Ankara tras su reuni\u00f3n con su hom\u00f3logo turco.<\/p>\n\n\n\n<p>Desde Mosc\u00fa, el ministro de Exteriores ruso,&nbsp;Sergu\u00e9i Lavrov, calific\u00f3 a Zelenski de \u201cpat\u00e9tico\u201d por exigir reunirse personalmente con Putin. Por su parte, la portavoz de Exteriores rusa,&nbsp;Mar\u00eda Zaj\u00e1rova, llam\u00f3 a Zelenski \u201cpayaso\u201d y \u201cdesgraciado\u201d&nbsp;y \u201cpersona de dudosos estudios\u201d.<\/p>\n\n\n\n<p><strong>Putin ech\u00f3 a su jefe del Ej\u00e9rcito<\/strong><\/p>\n\n\n\n<p>En tanto, Putin relev\u00f3 este jueves de su cargo al jefe del Ej\u00e9rcito de Tierra,&nbsp;Oleg Saliukov, sin explicar los motivos, y le design\u00f3 subsecretario del Consejo de Seguridad de Rusia.<\/p>\n\n\n\n<p>\u201cDesignar a Oleg Saliukov subsecretario del Consejo de Seguridad de Rusia, liber\u00e1ndole de su anterior cargo\u201d, se\u00f1al\u00f3 decreto publicado en el portal de informaciones legales del Estado ruso.<\/p>\n\n\n\n<p>Como subsecretario del Consejo de Seguridad de Rusia pasa a ser subordinado directo del exministro de Defensa ruso&nbsp;Sergu\u00e9i Shoig\u00fa.<\/p>\n\n\n\n<p>Saliukov encabezaba el Ej\u00e9rcito de Tierra desde 2014 y desde 2023 ocupaba el cargo de subcomandante de la agrupaci\u00f3n militar que combate en Ucrania. Por su participaci\u00f3n en la contienda b\u00e9lica en el vecino pa\u00eds ha sido sancionado por la Uni\u00f3n Europea, Reino Unido, Canad\u00e1, Suiza, Australia, Nueva Zelanda y Jap\u00f3n.<\/p>\n","protected":false},"excerpt":{"rendered":"<p>El di\u00e1logo comenzar\u00e1 este viernes despu\u00e9s de que el presidente ucraniano, Volod\u00edmir Zelenski, acept\u00f3 enviar&#8230;<\/p>\n","protected":false},"author":1,"featured_media":1837,"comment_status":"open","ping_status":"open","sticky":false,"template":"","format":"standard","meta":[],"categories":[1],"tags":[],"_links":{"self":[{"href":"https:\/\/neanoticias.com\/index.php\/wp-json\/wp\/v2\/posts\/1836"}],"collection":[{"href":"https:\/\/neanoticias.com\/index.php\/wp-json\/wp\/v2\/posts"}],"about":[{"href":"https:\/\/neanoticias.com\/index.php\/wp-json\/wp\/v2\/types\/post"}],"author":[{"embeddable":true,"href":"https:\/\/neanoticias.com\/index.php\/wp-json\/wp\/v2\/users\/1"}],"replies":[{"embeddable":true,"href":"https:\/\/neanoticias.com\/index.php\/wp-json\/wp\/v2\/comments?post=1836"}],"version-history":[{"count":1,"href":"https:\/\/neanoticias.com\/index.php\/wp-json\/wp\/v2\/posts\/1836\/revisions"}],"predecessor-version":[{"id":1838,"href":"https:\/\/neanoticias.com\/index.php\/wp-json\/wp\/v2\/posts\/1836\/revisions\/1838"}],"wp:featuredmedia":[{"embeddable":true,"href":"https:\/\/neanoticias.com\/index.php\/wp-json\/wp\/v2\/media\/1837"}],"wp:attachment":[{"href":"https:\/\/neanoticias.com\/index.php\/wp-json\/wp\/v2\/media?parent=1836"}],"wp:term":[{"taxonomy":"category","embeddable":true,"href":"https:\/\/neanoticias.com\/index.php\/wp-json\/wp\/v2\/categories?post=1836"},{"taxonomy":"post_tag","embeddable":true,"href":"https:\/\/neanoticias.com\/index.php\/wp-json\/wp\/v2\/tags?post=1836"}],"curies":[{"name":"wp","href":"https:\/\/api.w.org\/{rel}","templated":true}]}}