{"id":1833,"date":"2025-05-22T16:21:09","date_gmt":"2025-05-22T16:21:09","guid":{"rendered":"https:\/\/neanoticias.com\/?p=1833"},"modified":"2025-05-22T16:21:10","modified_gmt":"2025-05-22T16:21:10","slug":"italia-dio-media-sancion-al-proyecto-que-limita-la-ciudadania","status":"publish","type":"post","link":"https:\/\/neanoticias.com\/index.php\/2025\/05\/22\/italia-dio-media-sancion-al-proyecto-que-limita-la-ciudadania\/","title":{"rendered":"ITALIA DIO MEDIA SANCI\u00d3N AL PROYECTO QUE LIMITA LA CIUDADAN\u00cdA"},"content":{"rendered":"\n<p>La reforma ser\u00e1 debatida en Diputados la semana pr\u00f3xima. El gobierno descuenta su aprobaci\u00f3n ya que domina la c\u00e1mara.<\/p>\n\n\n\n<figure class=\"wp-block-image\"><img src=\"https:\/\/ads.donnet.com.ar\/revive-ads\/www\/delivery\/lg.php?bannerid=71&amp;campaignid=12&amp;zoneid=1&amp;loc=https%3A%2F%2Fwww.radiosudamericana.com%2Fnota%2Fsociedad%2F326828-Italia-dio-media-sancion-al-proyecto-que-limita-la-ciudadania.htm&amp;referer=https%3A%2F%2Fwww.radiosudamericana.com%2F2%2F15-05-2025%2Farchivos.htm&amp;cb=e88bcdd883\" alt=\"\"\/><\/figure>\n\n\n\n<p><a rel=\"noreferrer noopener\" href=\"https:\/\/www.facebook.com\/sharer.php?u=https%3A%2F%2Fwww.radiosudamericana.com%2Fnota%2Fsociedad%2F326828-Italia-dio-media-sancion-al-proyecto-que-limita-la-ciudadania.htm\" target=\"_blank\"><\/a><\/p>\n\n\n\n<p>La reforma que pone\u00a0trabas al acceso a la\u00a0<strong>nacionalidad italiana<\/strong>\u00a0y que afectar\u00eda a miles de argentinos qued\u00f3 m\u00e1s cerca de concretarse. El Senado aprob\u00f3 este jueves el decreto elevado por el gobierno de la premier\u00a0<strong>Giorgia Meloni<\/strong>\u00a0que modifica el proceso de reconocimiento para acceder a la ciudadan\u00eda italiana.<\/p>\n\n\n\n<p>El texto pasar\u00e1 ahora a la C\u00e1mara de Diputados. Se espera que la votaci\u00f3n final se celebre la pr\u00f3xima semana. El gobierno descuenta su aprobaci\u00f3n ya que domina la c\u00e1mara.<\/p>\n\n\n\n<p>El ejecutivo de Meloni se mostr\u00f3 exultante tras la votaci\u00f3n.&nbsp;<strong>\u201cEs (un paso) muy importante\u201d<\/strong>, dijo el canciller&nbsp;<strong>Antonio Tajani<\/strong>. Seg\u00fan afirm\u00f3, el decreto&nbsp;<strong>\u201cpretende devolver la dignidad y el sentido a un derecho que debe basarse en un v\u00ednculo aut\u00e9ntico con Italia, no solo burocr\u00e1tico, sino tambi\u00e9n cultural, c\u00edvico e identitario\u201d<\/strong>.<\/p>\n\n\n\n<p>La reforma fue aprobada por 81 votos a favor y 37 en contra.<\/p>\n\n\n\n<h2><strong>Qu\u00e9 establece la reforma que limita la ciudadan\u00eda italiana<\/strong><\/h2>\n\n\n\n<p>El decreto establece que, a partir de la aprobaci\u00f3n de la reforma,&nbsp;los italianos nacidos en el exterior no transmitir\u00e1n autom\u00e1ticamente a sus hijos la ciudadan\u00eda italiana.<\/p>\n\n\n\n<p>El texto establece un&nbsp;<strong>l\u00edmite generacional<\/strong>&nbsp;para la transmisi\u00f3n de la ciudadan\u00eda<strong>&nbsp;por derecho de sangre<\/strong>. As\u00ed, la ciudadan\u00eda solo puede ser reconocida a quien tenga un antepasado de primer grado (padre o madre) o de segundo grado (abuelo o abuela) nacido en Italia.<\/p>\n\n\n\n<p>La reforma&nbsp;<strong>termina con los reconocimientos autom\u00e1ticos<\/strong>&nbsp;de la ciudadan\u00eda. Hasta ahora, por ejemplo, los argentinos con pasaporte italianos pod\u00edan transmitir la ciudadan\u00eda a sus hijos. Ahora, solo ser\u00e1 posible tramitarla si los interesados tienen un padre o un abuelo nacido en Italia.<\/p>\n\n\n\n<p>\u201c<strong>La ciudadan\u00eda debe ser un reconocimiento serio y consciente<\/strong>, que se confirma mediante el compromiso. Esta reforma no excluye, sino que responsabiliza. Propone&nbsp;criterios m\u00e1s selectivos&nbsp;y transparentes, capaces de fortalecer la integridad de nuestro sistema y prevenir abusos\u201d, dijo Tajani.<\/p>\n\n\n\n<p>Hasta antes de esta reforma, la ley vigente desde 1992 sosten\u00eda el principios de&nbsp;<strong>ius sanguinis<\/strong>&nbsp;y no establec\u00eda l\u00edmite de generaciones para solicitar la ciudadan\u00eda italiana por descendencia.<\/p>\n\n\n\n<p>Desde el gobierno italiano advirtieron que muchos descendientes de italianos, en especial en la Argentina y Brasil, tramitaban la nacionalidad solo para obtener las ventajas de un pasaporte europeo.<\/p>\n\n\n\n<p><strong>\u201cLa nacionalidad no puede ser un instrumento para poder viajar a Miami con un pasaporte europeo\u201d<\/strong>, acus\u00f3 Tajani en marzo.<\/p>\n\n\n\n<p>Se estima que casi&nbsp;un mill\u00f3n de italianos residen en la Argentina, en su enorme mayor\u00eda descendientes de la masiva emigraci\u00f3n italiana de principios de siglo XX.<\/p>\n","protected":false},"excerpt":{"rendered":"<p>La reforma ser\u00e1 debatida en Diputados la semana pr\u00f3xima. El gobierno descuenta su aprobaci\u00f3n ya&#8230;<\/p>\n","protected":false},"author":1,"featured_media":1834,"comment_status":"open","ping_status":"open","sticky":false,"template":"","format":"standard","meta":[],"categories":[1],"tags":[],"_links":{"self":[{"href":"https:\/\/neanoticias.com\/index.php\/wp-json\/wp\/v2\/posts\/1833"}],"collection":[{"href":"https:\/\/neanoticias.com\/index.php\/wp-json\/wp\/v2\/posts"}],"about":[{"href":"https:\/\/neanoticias.com\/index.php\/wp-json\/wp\/v2\/types\/post"}],"author":[{"embeddable":true,"href":"https:\/\/neanoticias.com\/index.php\/wp-json\/wp\/v2\/users\/1"}],"replies":[{"embeddable":true,"href":"https:\/\/neanoticias.com\/index.php\/wp-json\/wp\/v2\/comments?post=1833"}],"version-history":[{"count":1,"href":"https:\/\/neanoticias.com\/index.php\/wp-json\/wp\/v2\/posts\/1833\/revisions"}],"predecessor-version":[{"id":1835,"href":"https:\/\/neanoticias.com\/index.php\/wp-json\/wp\/v2\/posts\/1833\/revisions\/1835"}],"wp:featuredmedia":[{"embeddable":true,"href":"https:\/\/neanoticias.com\/index.php\/wp-json\/wp\/v2\/media\/1834"}],"wp:attachment":[{"href":"https:\/\/neanoticias.com\/index.php\/wp-json\/wp\/v2\/media?parent=1833"}],"wp:term":[{"taxonomy":"category","embeddable":true,"href":"https:\/\/neanoticias.com\/index.php\/wp-json\/wp\/v2\/categories?post=1833"},{"taxonomy":"post_tag","embeddable":true,"href":"https:\/\/neanoticias.com\/index.php\/wp-json\/wp\/v2\/tags?post=1833"}],"curies":[{"name":"wp","href":"https:\/\/api.w.org\/{rel}","templated":true}]}}