{"id":1826,"date":"2025-05-22T16:01:34","date_gmt":"2025-05-22T16:01:34","guid":{"rendered":"https:\/\/neanoticias.com\/?p=1826"},"modified":"2025-05-22T16:01:35","modified_gmt":"2025-05-22T16:01:35","slug":"ponen-duda-la-continuidad-del-diablito-echeverri-en-inglaterra-no-va-a-jugar-nunca","status":"publish","type":"post","link":"https:\/\/neanoticias.com\/index.php\/2025\/05\/22\/ponen-duda-la-continuidad-del-diablito-echeverri-en-inglaterra-no-va-a-jugar-nunca\/","title":{"rendered":"PONEN DUDA LA CONTINUIDAD DEL &#8220;DIABLITO&#8221; ECHEVERRI EN INGLATERRA: &#8220;NO VA A JUGAR NUNCA&#8221;"},"content":{"rendered":"\n<p>El juvenil argentino todav\u00eda no sum\u00f3 minutos bajo la tutela de Pep Guardiola y podr\u00eda irse en el pr\u00f3ximo mercado de pases.<\/p>\n\n\n\n<figure class=\"wp-block-image\"><img src=\"https:\/\/ads.donnet.com.ar\/revive-ads\/www\/delivery\/lg.php?bannerid=71&amp;campaignid=12&amp;zoneid=1&amp;loc=https%3A%2F%2Fwww.radiosudamericana.com%2Fnota%2Fdeportes%2F326833-Ponen-duda-la-continuidad-del-Diablito-Echeverri-en-Inglaterra--No-va-a-jugar-nunca.htm&amp;referer=https%3A%2F%2Fwww.radiosudamericana.com%2F1%2Farchivos.htm&amp;cb=53acda494c\" alt=\"\"\/><\/figure>\n\n\n\n<p><a rel=\"noreferrer noopener\" href=\"https:\/\/www.facebook.com\/sharer.php?u=https%3A%2F%2Fwww.radiosudamericana.com%2Fnota%2Fdeportes%2F326833-Ponen-duda-la-continuidad-del-Diablito-Echeverri-en-Inglaterra--No-va-a-jugar-nunca.htm\" target=\"_blank\"><\/a><\/p>\n\n\n\n<p>El panorama de&nbsp;Claudio Echeverri&nbsp;en el&nbsp;Manchester City&nbsp;es incierto y las especulaciones sobre su futuro en&nbsp;Inglaterra&nbsp;crecen a medida que se acerca la ventana de transferencias en el mercado de pases europeo. El&nbsp;Diablito&nbsp;todav\u00eda no sum\u00f3 minutos bajo la direcci\u00f3n t\u00e9cnica de&nbsp;Pep Guardiola&nbsp;y un&nbsp;<strong>reconocido periodista partidario de la instituci\u00f3n puso en duda su continuidad en los&nbsp;Citizens.<\/strong><\/p>\n\n\n\n<p>Sam Lee, corresponsal del medio brit\u00e1nico&nbsp;The Athletic, en su podcast&nbsp;Let Me Talk,&nbsp;se\u00f1al\u00f3 que recibi\u00f3 mensajes en el que le consultaban cu\u00e1l era la situaci\u00f3n del argentino en el City, y respondi\u00f3 de forma rotunda: \u201cPor favor, saca a Echeverri de tu mente. Nunca va a jugar\u201d. Vale recalcar que, pese a formar parte de los entrenamientos del plantel de Primera,<strong>&nbsp;todav\u00eda no debut\u00f3 de forma oficial con el equipo y ni siquiera form\u00f3 parte de la n\u00f3mina de convocados en el banco de suplentes.<\/strong><\/p>\n\n\n\n<p>Inmediatamente, lanz\u00f3 otro t\u00f3pico severo sobre el presente del volante ofensivo surgido en&nbsp;River Plate. \u201cNo creo que sea tan bueno, pero obviamente lo han fichado por algo\u201d, coment\u00f3. Al mismo tiempo, brome\u00f3 con una posible salida del equipo: \u201cQuiz\u00e1 la raz\u00f3n haya sido para venderlo a c<strong>omo por 25 millones en unos a\u00f1os\u201d.<\/strong><\/p>\n\n\n\n<p>Vale recalcar que el Manchester ya realiz\u00f3 una transacci\u00f3n de esta manera, ya que&nbsp;M\u00e1ximo Perrone, surgido en&nbsp;V\u00e9lez S\u00e1rsfield, est\u00e1 en condici\u00f3n de cedido en el club italiano y los rumores sobre una compra definitiva son cada vez m\u00e1s concretos. \u201cYo creo que \u00e9l nunca estuvo en los planes para que jugara en el City al final de esta temporada\u201d, profundiz\u00f3 el periodista ingl\u00e9s,&nbsp;<strong>al mismo tiempo que indicaba que todav\u00eda est\u00e1 \u201cmuy crudo\u201d.<\/strong><\/p>\n\n\n\n<p>Meses atr\u00e1s, la versi\u00f3n internacional de&nbsp;ESPN&nbsp;en su sitio web hab\u00eda indicado que el futuro del&nbsp;Diablito&nbsp;al final de la temporada era incierto. Mientras tanto, y a la espera de alguna posibilidad de sumar minutos, el futbolista que viste la camiseta albiceleste de la selecci\u00f3n argentina en juveniles&nbsp;ser\u00e1 evaluado puntillosamente durante los entrenamientos antes de tomar una decisi\u00f3n definitiva.<\/p>\n\n\n\n<p>Hay que recordar que&nbsp;Echeverri tiene contrato hasta el 2028. Entre el monto fijo y los bonus por objetivos, la transferencia se concret\u00f3 por un valor de&nbsp;24 millones de euros netos&nbsp;para River.&nbsp;<strong>El&nbsp;Millonario&nbsp;disfrut\u00f3 12 meses m\u00e1s del pr\u00e9stamo de Echeverri a lo largo de todo el 2024.<\/strong><\/p>\n\n\n\n<p>En una entrevista brindada para las cuentas oficiales del Manchester City, el&nbsp;Diablito&nbsp;habl\u00f3 de su llegada a la instituci\u00f3n y los consejos que le dio su anterior entrenador en River,&nbsp;Mart\u00edn Demichelis. \u201cQuiero darte la bienvenida al Manchester City. Es una instituci\u00f3n en la que fui inmensamente feliz.&nbsp;No voy a aconsejarte que gambetees en Inglaterra como lo hac\u00edas en River, o como lo hac\u00edas desde chiquito con tus amigos, en tu ciudad. Simplemente, voy a decirte que cada vez que tengas tiempo libre, le dediques a poder aprender el idioma, porque va a ser de gran ayuda.&nbsp;Preparate para vivir una gran experiencia\u201d, le dedic\u00f3&nbsp;Micho.<\/p>\n\n\n\n<p>Echeverri debut\u00f3 en junio del 2023 bajo la tutela de Demichelis y coleccion\u00f3 con el&nbsp;Millonario&nbsp;cuatro goles y ocho asistencias en 48 apariciones. Aunque sus actuaciones m\u00e1s impactantes las realiz\u00f3 con la selecci\u00f3n argentina juvenil. Marc\u00f3 cinco goles en el Mundial Sub-17 del 2023 \u2014tres de ellos en el cl\u00e1sico con Brasil\u2014 y grit\u00f3 seis tantos en el reciente Sudamericano Sub 20 que clasific\u00f3 a la&nbsp;Albiceleste&nbsp;a la Copa del Mundo de la categor\u00eda, que se realizar\u00e1 en Chile del 27 de septiembre al 19 de octubre.<\/p>\n\n\n\n<p>\u201cLa verdad es que estoy muy contento de estar ac\u00e1, ten\u00eda una ilusi\u00f3n muy grande de poder venir. Ahora que ya estoy ac\u00e1, toca disfrutar, divertirme y a jugar que es lo que m\u00e1s me gusta\u201d, coment\u00f3 sobre su arribo al equipo. A esto, agreg\u00f3: \u201cLa verdad es que tengo muchas ganas de jugar, de estar adentro de la cancha y, sobre todo, conocer a mis compa\u00f1eros; voy a aprender mucho sobre ellos\u201d, expres\u00f3&nbsp;Echeverri&nbsp;mientras sosten\u00eda la camiseta celeste con el dorsal 30.<\/p>\n","protected":false},"excerpt":{"rendered":"<p>El juvenil argentino todav\u00eda no sum\u00f3 minutos bajo la tutela de Pep Guardiola y podr\u00eda&#8230;<\/p>\n","protected":false},"author":1,"featured_media":1827,"comment_status":"open","ping_status":"open","sticky":false,"template":"","format":"standard","meta":[],"categories":[1],"tags":[],"_links":{"self":[{"href":"https:\/\/neanoticias.com\/index.php\/wp-json\/wp\/v2\/posts\/1826"}],"collection":[{"href":"https:\/\/neanoticias.com\/index.php\/wp-json\/wp\/v2\/posts"}],"about":[{"href":"https:\/\/neanoticias.com\/index.php\/wp-json\/wp\/v2\/types\/post"}],"author":[{"embeddable":true,"href":"https:\/\/neanoticias.com\/index.php\/wp-json\/wp\/v2\/users\/1"}],"replies":[{"embeddable":true,"href":"https:\/\/neanoticias.com\/index.php\/wp-json\/wp\/v2\/comments?post=1826"}],"version-history":[{"count":1,"href":"https:\/\/neanoticias.com\/index.php\/wp-json\/wp\/v2\/posts\/1826\/revisions"}],"predecessor-version":[{"id":1828,"href":"https:\/\/neanoticias.com\/index.php\/wp-json\/wp\/v2\/posts\/1826\/revisions\/1828"}],"wp:featuredmedia":[{"embeddable":true,"href":"https:\/\/neanoticias.com\/index.php\/wp-json\/wp\/v2\/media\/1827"}],"wp:attachment":[{"href":"https:\/\/neanoticias.com\/index.php\/wp-json\/wp\/v2\/media?parent=1826"}],"wp:term":[{"taxonomy":"category","embeddable":true,"href":"https:\/\/neanoticias.com\/index.php\/wp-json\/wp\/v2\/categories?post=1826"},{"taxonomy":"post_tag","embeddable":true,"href":"https:\/\/neanoticias.com\/index.php\/wp-json\/wp\/v2\/tags?post=1826"}],"curies":[{"name":"wp","href":"https:\/\/api.w.org\/{rel}","templated":true}]}}