{"id":1823,"date":"2025-05-22T16:00:00","date_gmt":"2025-05-22T16:00:00","guid":{"rendered":"https:\/\/neanoticias.com\/?p=1823"},"modified":"2025-05-22T16:00:01","modified_gmt":"2025-05-22T16:00:01","slug":"causa-vialidad-piden-12-anos-de-carcel-para-cristina-kirchner-por-asociacion-ilicita","status":"publish","type":"post","link":"https:\/\/neanoticias.com\/index.php\/2025\/05\/22\/causa-vialidad-piden-12-anos-de-carcel-para-cristina-kirchner-por-asociacion-ilicita\/","title":{"rendered":"CAUSA VIALIDAD: PIDEN 12 A\u00d1OS DE C\u00c1RCEL PARA CRISTINA KIRCHNER POR ASOCIACI\u00d3N IL\u00cdCITA"},"content":{"rendered":"\n<p>Eduardo Casal respald\u00f3 el pedido del fiscal Mario Villar para que la Corte Suprema revise la absoluci\u00f3n de la expresidenta. Ahora, el m\u00e1ximo tribunal deber\u00e1 decidir si reabre el expediente o mantiene la condena.<\/p>\n\n\n\n<figure class=\"wp-block-image\"><img src=\"https:\/\/ads.donnet.com.ar\/revive-ads\/www\/delivery\/lg.php?bannerid=71&amp;campaignid=12&amp;zoneid=1&amp;loc=https%3A%2F%2Fwww.radiosudamericana.com%2Fnota%2Fpolitica%2F326829-Causa-Vialidad--piden-12-anos-de-carcel-para-Cristina-Kirchner-por-asociacion-Ilicita-.htm&amp;referer=https%3A%2F%2Fwww.radiosudamericana.com%2F2%2F15-05-2025%2Farchivos.htm&amp;cb=86c9c89413\" alt=\"\"\/><\/figure>\n\n\n\n<p><a rel=\"noreferrer noopener\" href=\"https:\/\/www.facebook.com\/sharer.php?u=https%3A%2F%2Fwww.radiosudamericana.com%2Fnota%2Fpolitica%2F326829-Causa-Vialidad--piden-12-anos-de-carcel-para-Cristina-Kirchner-por-asociacion-Ilicita-.htm\" target=\"_blank\"><\/a><\/p>\n\n\n\n<p>Por primera vez desde que la\u00a0<strong>causa Vialidad<\/strong>\u00a0lleg\u00f3 a la\u00a0Corte Suprema, el procurador general interino\u00a0<strong>Eduardo Casal<\/strong>\u00a0se pronunci\u00f3 con claridad: respald\u00f3 en todos sus t\u00e9rminos el pedido del fiscal\u00a0<strong>Mario Villar\u00a0<\/strong>para que\u00a0se revise la absoluci\u00f3n de Cristina Kirchner\u00a0por el delito de\u00a0asociaci\u00f3n il\u00edcita.<\/p>\n\n\n\n<p>Seg\u00fan su dictamen,&nbsp;<strong>la&nbsp;C\u00e1mara de Casaci\u00f3n Penal&nbsp;no respondi\u00f3<\/strong>&nbsp;debidamente a los cuestionamientos del Ministerio P\u00fablico y repiti\u00f3 los argumentos del tribunal oral que hab\u00eda descartado ese cargo. El paso dado por Casal habilita a la Corte a tomar una&nbsp;decisi\u00f3n clave: si confirma o no que la expresidenta lider\u00f3 una&nbsp;organizaci\u00f3n criminal&nbsp;que oper\u00f3 desde el Estado para beneficiar con obras p\u00fablicas a&nbsp;<strong>L\u00e1zaro B\u00e1ez&nbsp;en Santa Cruz<\/strong>.<\/p>\n\n\n\n<p>Aunque el dictamen del Procurador&nbsp;no es vinculante, en el m\u00e1ximo tribunal esperaban este movimiento para avanzar con el an\u00e1lisis del caso. En simult\u00e1neo, la Corte tambi\u00e9n deber\u00e1 pronunciarse sobre la&nbsp;recusaci\u00f3n&nbsp;presentada por la defensa de&nbsp;<strong>Cristina Kirchner<\/strong>&nbsp;contra el juez&nbsp;Ricardo Lorenzetti, a quien acusa de haber manifestado su opini\u00f3n sobre el expediente antes de que llegara al tribunal.<\/p>\n\n\n\n<p><strong>Lorenzetti&nbsp;rechaz\u00f3 el planteo por improcedente&nbsp;y pidi\u00f3 a sus colegas&nbsp;Horacio Rosatti&nbsp;y&nbsp;Carlos Rosenkrantz&nbsp;que lo desestimen sin tratamiento.<\/strong><\/p>\n\n\n\n<p>En el centro del expediente judicial est\u00e1 la condena dictada en diciembre de 2022 por el Tribunal Oral Federal N.\u00ba 2, que sentenci\u00f3 a la exmandataria a&nbsp;seis a\u00f1os de prisi\u00f3n&nbsp;e&nbsp;inhabilitaci\u00f3n perpetua para ocupar cargos p\u00fablicos, por el delito de administraci\u00f3n fraudulenta.<\/p>\n\n\n\n<p>Esa pena fue&nbsp;ratificada por la C\u00e1mara Federal de Casaci\u00f3n Penal&nbsp;en noviembre de 2023, pero tanto el tribunal oral como los camaristas&nbsp;rechazaron incorporar la figura de asociaci\u00f3n il\u00edcita. Villar insiste en que la condena debe alcanzar los&nbsp;doce a\u00f1os de prisi\u00f3n, tal como lo hab\u00eda solicitado junto a Diego Luciani durante el juicio oral.<\/p>\n\n\n\n<p>El argumento central de Casal es que la Casaci\u00f3n cometi\u00f3 un acto de&nbsp;<strong>\u201carbitrariedad\u201d<\/strong>&nbsp;al omitir el tratamiento de los agravios planteados por el fiscal. Se\u00f1al\u00f3 que la sentencia que confirm\u00f3 la absoluci\u00f3n por asociaci\u00f3n il\u00edcita&nbsp;<strong>\u201celudi\u00f3 responder las cr\u00edticas que hab\u00eda realizado el Ministerio P\u00fablico\u201d<\/strong>&nbsp;y \u201csolo satisfizo de manera aparente su funci\u00f3n revisora, con lesi\u00f3n al derecho de defensa que asiste a la parte recurrente\u201d.<\/p>\n\n\n\n<p>En su escrito, Casal record\u00f3 que la&nbsp;asociaci\u00f3n il\u00edcita es un delito aut\u00f3nomo, de peligro abstracto, y que se configura con la sola existencia de una organizaci\u00f3n destinada a cometer delitos m\u00faltiples, sin necesidad de que se ejecuten todos. Apunt\u00f3 adem\u00e1s que la figura del&nbsp;<strong>\u201cdelito continuado\u201d<\/strong>&nbsp;\u2014utilizada por los jueces para descartar la pluralidad de planes exigida por el art\u00edculo 210 del C\u00f3digo Penal\u2014 fue&nbsp;mal aplicada&nbsp;en este caso.<\/p>\n\n\n\n<p>\u201cNo hay ninguna justificaci\u00f3n para acudir a ese artificio cuando de lo que se trata aqu\u00ed es de la adjudicaci\u00f3n fraudulenta de cincuenta y un contratos de obra p\u00fablica dentro de un&nbsp;esquema comprobado de corrupci\u00f3n\u201d, argument\u00f3.<\/p>\n","protected":false},"excerpt":{"rendered":"<p>Eduardo Casal respald\u00f3 el pedido del fiscal Mario Villar para que la Corte Suprema revise&#8230;<\/p>\n","protected":false},"author":1,"featured_media":1824,"comment_status":"open","ping_status":"open","sticky":false,"template":"","format":"standard","meta":[],"categories":[1],"tags":[],"_links":{"self":[{"href":"https:\/\/neanoticias.com\/index.php\/wp-json\/wp\/v2\/posts\/1823"}],"collection":[{"href":"https:\/\/neanoticias.com\/index.php\/wp-json\/wp\/v2\/posts"}],"about":[{"href":"https:\/\/neanoticias.com\/index.php\/wp-json\/wp\/v2\/types\/post"}],"author":[{"embeddable":true,"href":"https:\/\/neanoticias.com\/index.php\/wp-json\/wp\/v2\/users\/1"}],"replies":[{"embeddable":true,"href":"https:\/\/neanoticias.com\/index.php\/wp-json\/wp\/v2\/comments?post=1823"}],"version-history":[{"count":1,"href":"https:\/\/neanoticias.com\/index.php\/wp-json\/wp\/v2\/posts\/1823\/revisions"}],"predecessor-version":[{"id":1825,"href":"https:\/\/neanoticias.com\/index.php\/wp-json\/wp\/v2\/posts\/1823\/revisions\/1825"}],"wp:featuredmedia":[{"embeddable":true,"href":"https:\/\/neanoticias.com\/index.php\/wp-json\/wp\/v2\/media\/1824"}],"wp:attachment":[{"href":"https:\/\/neanoticias.com\/index.php\/wp-json\/wp\/v2\/media?parent=1823"}],"wp:term":[{"taxonomy":"category","embeddable":true,"href":"https:\/\/neanoticias.com\/index.php\/wp-json\/wp\/v2\/categories?post=1823"},{"taxonomy":"post_tag","embeddable":true,"href":"https:\/\/neanoticias.com\/index.php\/wp-json\/wp\/v2\/tags?post=1823"}],"curies":[{"name":"wp","href":"https:\/\/api.w.org\/{rel}","templated":true}]}}