{"id":1809,"date":"2025-04-25T08:03:03","date_gmt":"2025-04-25T08:03:03","guid":{"rendered":"https:\/\/neanoticias.com\/?p=1809"},"modified":"2025-04-25T08:03:05","modified_gmt":"2025-04-25T08:03:05","slug":"estamos-sobredemandados-para-analizar-el-nuevo-escenario-economico","status":"publish","type":"post","link":"https:\/\/neanoticias.com\/index.php\/2025\/04\/25\/estamos-sobredemandados-para-analizar-el-nuevo-escenario-economico\/","title":{"rendered":"&#8220;ESTAMOS SOBREDEMANDADOS PARA ANALIZAR EL NUEVO ESCENARIO ECON\u00d3MICO&#8221;"},"content":{"rendered":"\n<p>El economista Dami\u00e1n Di Pace disert\u00f3 en Goya\u00a0ante empresarios locales, analizando el impacto de las recientes medidas del Gobierno y la incertidumbre que atraviesan los mercados<\/p>\n\n\n\n<p><a href=\"https:\/\/www.radiosudamericana.com\/nota\/economia\/325487-Estamos-sobredemandados-para-analizar-el-nuevo-escenario-economico.htm#comentar-noticia\">COMENTAR\u00a0\u00a00<\/a>\u00a0<a href=\"https:\/\/www.radiosudamericana.com\/325487\/imprimir\">\u00a0<strong>IMPRIMIR<\/strong><\/a>\u00a0<a href=\"https:\/\/www.radiosudamericana.com\/\"><strong>A-<\/strong>\u00a0A+\u00a0<strong>TAMA\u00d1O<\/strong><\/a>\u00a0<a href=\"https:\/\/www.radiosudamericana.com\/\">\u00a0<strong>RECOMENDAR<\/strong><\/a><a rel=\"noreferrer noopener\" href=\"https:\/\/twitter.com\/share?text=%22Estamos+sobredemandados+para+analizar+el+nuevo+escenario+econ%F3mico%22+%23radioSudamericana+https%3A%2F%2Fwww.radiosudamericana.com%2Fnota%2Feconomia%2F325487-Estamos-sobredemandados-para-analizar-el-nuevo-escenario-economico.htm\" target=\"_blank\"><\/a><a rel=\"noreferrer noopener\" href=\"https:\/\/www.facebook.com\/sharer.php?u=https%3A%2F%2Fwww.radiosudamericana.com%2Fnota%2Feconomia%2F325487-Estamos-sobredemandados-para-analizar-el-nuevo-escenario-economico.htm\" target=\"_blank\"><\/a>Este martes 15 de abril, el reconocido economista Dami\u00e1n Di Pace lleg\u00f3 a la ciudad de Goya para brindar una conferencia abierta al p\u00fablico sobre el actual contexto econ\u00f3mico argentino. El evento, organizado por la Federaci\u00f3n Empresarial de Corrientes (FECORR) y la C\u00e1mara Empresarial de Goya, y se realiz\u00f3 en el Sal\u00f3n Casinos del Litoral, ubicado en Espa\u00f1a 659.En la antesala de la charla, Di Pace dialog\u00f3 con Radio Sudamericana sobre las recientes medidas econ\u00f3micas impulsadas por el presidente Javier Milei, entre ellas el levantamiento del cepo cambiario anunciado el pasado viernes, lo que gener\u00f3 un gran revuelo tanto en los mercados como en el \u00e1mbito empresario.<\/p>\n\n\n\n<p>\u201cNos tom\u00f3 a todos por sorpresa lo que pas\u00f3. Estamos sobredemandados para poder analizar el nuevo escenario en Argentina, no solo por la pol\u00edtica cambiaria, sino por c\u00f3mo estos cambios se relacionan con el acuerdo con el Fondo Monetario Internacional y la situaci\u00f3n macroecon\u00f3mica del pa\u00eds\u201d, explic\u00f3.<\/p>\n\n\n\n<p>Consultado por los primeros movimientos del mercado tras la eliminaci\u00f3n del cepo, Di Pace se\u00f1al\u00f3: \u201cUno pensaba que el tipo de cambio se iba a mover m\u00e1s, pero no fue as\u00ed. Cerr\u00f3 en torno a los $1.230 y parecer\u00eda estar estable. Hoy el Banco Central tuvo un ingreso importante de Derechos Especiales de Giro del FMI y las reservas superan nuevamente los 35 mil millones de d\u00f3lares\u201d.<\/p>\n\n\n\n<p>Adem\u00e1s, el economista sostuvo que \u201cparte de los precios que vivimos en marzo fueron un adelanto asim\u00e9trico de los agentes econ\u00f3micos que proyectaban una correcci\u00f3n cambiaria\u201d. En ese sentido, advirti\u00f3 que esta volatilidad tambi\u00e9n afect\u00f3 la fijaci\u00f3n de precios en muchas operaciones comerciales.<\/p>\n\n\n\n<p>En cuanto al panorama internacional, Di Pace mencion\u00f3 que la coyuntura global es compleja, pero que el acuerdo con el FMI lleg\u00f3 en un \u201cbuen momento para enfrentar la convulsi\u00f3n econ\u00f3mica mundial\u201d.<\/p>\n\n\n\n<p>Finalmente, al ser consultado sobre los tiempos de este nuevo ciclo econ\u00f3mico, se\u00f1al\u00f3: \u201cEs un proceso largo. Ojal\u00e1 esta sea la \u00faltima vez que Argentina tenga que devaluar para ganar competitividad. Lo ideal es que ahora esa mejora venga a trav\u00e9s de reformas. Pero eso lleva tiempo. Hay que estar tranquilos y sin ansiedad\u201d.<\/p>\n\n\n\n<p>La conferencia en Goya promete ser una oportunidad \u00fanica para entender en profundidad los desaf\u00edos econ\u00f3micos que atraviesa el pa\u00eds y c\u00f3mo los empresarios pueden adaptarse a esta nueva etapa.<\/p>\n","protected":false},"excerpt":{"rendered":"<p>El economista Dami\u00e1n Di Pace disert\u00f3 en Goya\u00a0ante empresarios locales, analizando el impacto de las&#8230;<\/p>\n","protected":false},"author":1,"featured_media":1810,"comment_status":"open","ping_status":"open","sticky":false,"template":"","format":"standard","meta":[],"categories":[1],"tags":[],"_links":{"self":[{"href":"https:\/\/neanoticias.com\/index.php\/wp-json\/wp\/v2\/posts\/1809"}],"collection":[{"href":"https:\/\/neanoticias.com\/index.php\/wp-json\/wp\/v2\/posts"}],"about":[{"href":"https:\/\/neanoticias.com\/index.php\/wp-json\/wp\/v2\/types\/post"}],"author":[{"embeddable":true,"href":"https:\/\/neanoticias.com\/index.php\/wp-json\/wp\/v2\/users\/1"}],"replies":[{"embeddable":true,"href":"https:\/\/neanoticias.com\/index.php\/wp-json\/wp\/v2\/comments?post=1809"}],"version-history":[{"count":1,"href":"https:\/\/neanoticias.com\/index.php\/wp-json\/wp\/v2\/posts\/1809\/revisions"}],"predecessor-version":[{"id":1811,"href":"https:\/\/neanoticias.com\/index.php\/wp-json\/wp\/v2\/posts\/1809\/revisions\/1811"}],"wp:featuredmedia":[{"embeddable":true,"href":"https:\/\/neanoticias.com\/index.php\/wp-json\/wp\/v2\/media\/1810"}],"wp:attachment":[{"href":"https:\/\/neanoticias.com\/index.php\/wp-json\/wp\/v2\/media?parent=1809"}],"wp:term":[{"taxonomy":"category","embeddable":true,"href":"https:\/\/neanoticias.com\/index.php\/wp-json\/wp\/v2\/categories?post=1809"},{"taxonomy":"post_tag","embeddable":true,"href":"https:\/\/neanoticias.com\/index.php\/wp-json\/wp\/v2\/tags?post=1809"}],"curies":[{"name":"wp","href":"https:\/\/api.w.org\/{rel}","templated":true}]}}