{"id":1801,"date":"2025-04-23T15:14:49","date_gmt":"2025-04-23T15:14:49","guid":{"rendered":"https:\/\/neanoticias.com\/?p=1801"},"modified":"2025-04-23T15:14:51","modified_gmt":"2025-04-23T15:14:51","slug":"la-municipalidad-abre-la-convocatoria-para-la-quinta-edicion-de-corrientes-al-lienzo","status":"publish","type":"post","link":"https:\/\/neanoticias.com\/index.php\/2025\/04\/23\/la-municipalidad-abre-la-convocatoria-para-la-quinta-edicion-de-corrientes-al-lienzo\/","title":{"rendered":"LA MUNICIPALIDAD ABRE LA CONVOCATORIA PARA LA QUINTA EDICI\u00d3N DE &#8220;CORRIENTES AL LIENZO&#8221;"},"content":{"rendered":"\n<p><em>La propuesta busca fomentar la creatividad y la reflexi\u00f3n sobre la historia y la evoluci\u00f3n de la ciudad, invitando a ni\u00f1os, adolescentes y adultos a expresar su visi\u00f3n sobre la Corrientes del pasado, del presente y del futuro. Las inscripciones se encuentran habilitadas hasta el martes 22 de abril.<\/em><\/p>\n\n\n\n<p>En el marco del 437\u00b0 aniversario de la Ciudad, y mes de Corrientes, la Municipalidad de Corrientes convoca a personas desde los 6 a\u00f1os, sin l\u00edmite de edad, que pertenezcan a talleres o atelieres art\u00edsticos o artistas independientes y adolescentes de escuelas con orientaci\u00f3n art\u00edstica a participar de la 5ta edici\u00f3n del programa \u201cCorrientes al Lienzo\u201d.<\/p>\n\n\n\n<p>Ante esta propuesta que a\u00f1o a a\u00f1o suma nuevos adeptos, el intendente de la ciudad, Eduardo Tassano traslad\u00f3 su invitaci\u00f3n para que m\u00e1s j\u00f3venes se sumen a la propuesta inst\u00e1ndolos a \u201cque juntos podamos fortalecer nuestra cultura\u201d.<\/p>\n\n\n\n<p>Es preciso mencionar, que la tem\u00e1tica del concurso se centra en la ciudad de Corrientes en diferentes momentos de su historia, desde sus or\u00edgenes, su actualidad y c\u00f3mo se imaginan los participantes que ser\u00e1 la ciudad en el futuro. Pueden pintar de manera realista o fantasiosa sobre su arquitectura, su patrimonio o sus costumbres. As\u00ed, este a\u00f1o bajo la propuesta ser\u00e1 replicar \u201cCorrientes de ayer, hoy y siempre\u201d.<\/p>\n\n\n\n<p>Cabe mencionar que el programa incluye diferentes fases como capacitaciones espec\u00edficas; concurso de dibujo y pintura al aire libre.<\/p>\n\n\n\n<p>En tanto, las inscripciones permanecer\u00e1n abiertas hasta el 22 de abril, o hasta cuando se complete el cupo de 200 participantes.&nbsp;<\/p>\n\n\n\n<p>A su vez, desde la Municipalidad dieron a conocer que el certamen se realizar\u00e1 el s\u00e1bado 26 de abril, en el Colegio Nacional &#8220;General San Mart\u00edn&#8221;, Fray Jos\u00e9 de la Quintana 699, Corrientes.<\/p>\n","protected":false},"excerpt":{"rendered":"<p>La propuesta busca fomentar la creatividad y la reflexi\u00f3n sobre la historia y la evoluci\u00f3n&#8230;<\/p>\n","protected":false},"author":1,"featured_media":1802,"comment_status":"open","ping_status":"open","sticky":false,"template":"","format":"standard","meta":[],"categories":[1],"tags":[],"_links":{"self":[{"href":"https:\/\/neanoticias.com\/index.php\/wp-json\/wp\/v2\/posts\/1801"}],"collection":[{"href":"https:\/\/neanoticias.com\/index.php\/wp-json\/wp\/v2\/posts"}],"about":[{"href":"https:\/\/neanoticias.com\/index.php\/wp-json\/wp\/v2\/types\/post"}],"author":[{"embeddable":true,"href":"https:\/\/neanoticias.com\/index.php\/wp-json\/wp\/v2\/users\/1"}],"replies":[{"embeddable":true,"href":"https:\/\/neanoticias.com\/index.php\/wp-json\/wp\/v2\/comments?post=1801"}],"version-history":[{"count":1,"href":"https:\/\/neanoticias.com\/index.php\/wp-json\/wp\/v2\/posts\/1801\/revisions"}],"predecessor-version":[{"id":1803,"href":"https:\/\/neanoticias.com\/index.php\/wp-json\/wp\/v2\/posts\/1801\/revisions\/1803"}],"wp:featuredmedia":[{"embeddable":true,"href":"https:\/\/neanoticias.com\/index.php\/wp-json\/wp\/v2\/media\/1802"}],"wp:attachment":[{"href":"https:\/\/neanoticias.com\/index.php\/wp-json\/wp\/v2\/media?parent=1801"}],"wp:term":[{"taxonomy":"category","embeddable":true,"href":"https:\/\/neanoticias.com\/index.php\/wp-json\/wp\/v2\/categories?post=1801"},{"taxonomy":"post_tag","embeddable":true,"href":"https:\/\/neanoticias.com\/index.php\/wp-json\/wp\/v2\/tags?post=1801"}],"curies":[{"name":"wp","href":"https:\/\/api.w.org\/{rel}","templated":true}]}}