{"id":1788,"date":"2025-04-23T13:37:18","date_gmt":"2025-04-23T13:37:18","guid":{"rendered":"https:\/\/neanoticias.com\/?p=1788"},"modified":"2025-04-23T13:37:19","modified_gmt":"2025-04-23T13:37:19","slug":"francisco-sorprendio-con-un-rezo-en-la-basilica-santa-maria-la-mayor","status":"publish","type":"post","link":"https:\/\/neanoticias.com\/index.php\/2025\/04\/23\/francisco-sorprendio-con-un-rezo-en-la-basilica-santa-maria-la-mayor\/","title":{"rendered":"FRANCISCO SORPRENDI\u00d3 CON UN REZO EN LA BAS\u00cdLICA SANTA MAR\u00cdA LA MAYOR"},"content":{"rendered":"\n<p>El pont\u00edfice acudi\u00f3 al templo mariano en Roma para rezar ante el \u00edcono de la Virgen, Salus Populi Romani, en v\u00edsperas de la Semana Santa. \u00a0<a rel=\"noreferrer noopener\" href=\"https:\/\/www.facebook.com\/sharer.php?u=https%3A%2F%2Fwww.radiosudamericana.com%2Fnota%2Fmundo%2F325323-Francisco-sorprendio-con-un-rezo-en-la-Basilica-Santa-Maria-la-Mayor.htm\" target=\"_blank\"><\/a><\/p>\n\n\n\n<p>A pocas horas del inicio de la Semana Santa, el papa Francisco realiz\u00f3 una visita no anunciada a la Bas\u00edlica de Santa Mar\u00eda la Mayor, en Roma, donde se detuvo a rezar frente al \u00edcono de la Virgen, Salus Populi Romani. La Oficina de Prensa de la Santa Sede confirm\u00f3 el hecho a trav\u00e9s de un comunicado oficial.<\/p>\n\n\n\n<p><em><strong>&#8220;A primera hora de la tarde de hoy, el Papa Francisco se dirigi\u00f3 a la Bas\u00edlica de Santa Mar\u00eda la Mayor y, en v\u00edsperas del Domingo de Ramos y de la Semana Santa, se detuvo a rezar ante el icono de la Virgen, Salus Populi Romani&#8221;<\/strong><\/em>, indic\u00f3 la Santa Sede.<\/p>\n\n\n\n<p>Esta marca la visita n\u00famero 126 del pont\u00edfice argentino a esta imagen mariana, con la que mantiene un v\u00ednculo espiritual muy profundo desde el inicio de su pontificado. Cada gesto, oraci\u00f3n o regalo ofrecido ante la Salus Populi Romani refuerza ese lazo filial entre el Papa y la advocaci\u00f3n protectora del pueblo romano.<\/p>\n\n\n\n<p>Cabe recordar que, tras recibir el alta m\u00e9dica del Policl\u00ednico Gemelli hace tres semanas, Francisco tambi\u00e9n hizo una parada simb\u00f3lica en la plaza frente a la bas\u00edlica antes de regresar al Vaticano. En esa ocasi\u00f3n, entreg\u00f3 flores al cardenal Rolandas Makrickas, arcipreste coadjutor del templo, para que fueran colocadas ante el \u00edcono de la Virgen.<\/p>\n\n\n\n<p>El ramo, de flores amarillas, hab\u00eda sido un obsequio de Carmela Mancuso, una fiel que hab\u00eda agradecido p\u00fablicamente al Papa por sus palabras y gestos durante su convalecencia.<\/p>\n","protected":false},"excerpt":{"rendered":"<p>El pont\u00edfice acudi\u00f3 al templo mariano en Roma para rezar ante el \u00edcono de la&#8230;<\/p>\n","protected":false},"author":1,"featured_media":1789,"comment_status":"open","ping_status":"open","sticky":false,"template":"","format":"standard","meta":[],"categories":[1],"tags":[],"_links":{"self":[{"href":"https:\/\/neanoticias.com\/index.php\/wp-json\/wp\/v2\/posts\/1788"}],"collection":[{"href":"https:\/\/neanoticias.com\/index.php\/wp-json\/wp\/v2\/posts"}],"about":[{"href":"https:\/\/neanoticias.com\/index.php\/wp-json\/wp\/v2\/types\/post"}],"author":[{"embeddable":true,"href":"https:\/\/neanoticias.com\/index.php\/wp-json\/wp\/v2\/users\/1"}],"replies":[{"embeddable":true,"href":"https:\/\/neanoticias.com\/index.php\/wp-json\/wp\/v2\/comments?post=1788"}],"version-history":[{"count":1,"href":"https:\/\/neanoticias.com\/index.php\/wp-json\/wp\/v2\/posts\/1788\/revisions"}],"predecessor-version":[{"id":1790,"href":"https:\/\/neanoticias.com\/index.php\/wp-json\/wp\/v2\/posts\/1788\/revisions\/1790"}],"wp:featuredmedia":[{"embeddable":true,"href":"https:\/\/neanoticias.com\/index.php\/wp-json\/wp\/v2\/media\/1789"}],"wp:attachment":[{"href":"https:\/\/neanoticias.com\/index.php\/wp-json\/wp\/v2\/media?parent=1788"}],"wp:term":[{"taxonomy":"category","embeddable":true,"href":"https:\/\/neanoticias.com\/index.php\/wp-json\/wp\/v2\/categories?post=1788"},{"taxonomy":"post_tag","embeddable":true,"href":"https:\/\/neanoticias.com\/index.php\/wp-json\/wp\/v2\/tags?post=1788"}],"curies":[{"name":"wp","href":"https:\/\/api.w.org\/{rel}","templated":true}]}}