{"id":1781,"date":"2025-04-23T13:28:39","date_gmt":"2025-04-23T13:28:39","guid":{"rendered":"https:\/\/neanoticias.com\/?p=1781"},"modified":"2025-04-23T13:28:40","modified_gmt":"2025-04-23T13:28:40","slug":"con-la-inauguracion-de-obras-artisticas-y-musica-inicio-una-nueva-edicion-del-ciclo-nuestra-musica-2","status":"publish","type":"post","link":"https:\/\/neanoticias.com\/index.php\/2025\/04\/23\/con-la-inauguracion-de-obras-artisticas-y-musica-inicio-una-nueva-edicion-del-ciclo-nuestra-musica-2\/","title":{"rendered":"CON LA INAUGURACI\u00d3N DE OBRAS ART\u00cdSTICAS Y M\u00daSICA, INICI\u00d3 UNA NUEVA EDICI\u00d3N DEL CICLO NUESTRA M\u00daSICA"},"content":{"rendered":"\n<p><em>Como parte de las actividades por el Mes de Corrientes, en el Paseo de los Chamameceros -avenida costanera General San Mart\u00edn y Edison- la Municipalidad capitalina inaugur\u00f3 esculturas y despleg\u00f3 un espect\u00e1culo musical gratuito para todos los vecinos. Adem\u00e1s, hubo un sentido homenaje a los Hermanos Barrios.<\/em><\/p>\n\n\n\n<p>En el marco del Mes de Corrientes, la Municipalidad habilit\u00f3 una nueva edici\u00f3n del ciclo Nuestra M\u00fasica. En el Paseo de los Chamamecero de la costanera se inauguraron obras art\u00edsticas y hubo m\u00fasica para rendir homenaje a los Hermanos Barrios.<br><br>El secretario de Cultura y Educaci\u00f3n del municipio, Jos\u00e9 Sand, destac\u00f3 que \u201ctransitando el Mes de Corrientes damos inicio al ciclo Nuestra M\u00fasica, una actividad que venimos llevando adelante junto a Sadaic y quer\u00edamos hacerlo en el Paseo de los Chamameceros, donde estamos inaugurando tambi\u00e9n la puesta en valor de esculturas y vamos a descubrir unas baldosas con la t\u00e9cnica de mosaiquismo con el rostro de los Hermanos Barrios, como una manera de homenajear a quienes con su m\u00fasica trascendieron la provincia y nos enorgullecen\u201d.<br><br>El funcionario invit\u00f3 a la comunidad a acercarse al espacio p\u00fablico \u201cdonde adem\u00e1s de las obras de arte que estamos inaugurando se van a encontrar con otras ya emplazadas en el lugar que hacen a la identidad correntina, como distintos murales bajo la t\u00e9cnica de esgrafiado, con figuras caracter\u00edsticas de nuestra m\u00fasica, adem\u00e1s de p\u00e1rrafos de las letras del cancionero chamamecero\u201d.<br><br>LAS OBRAS<br>La realizaci\u00f3n de las obras inauguradas estuvo a cargo de artistas que integran el Departamento de Arte P\u00fablico del municipio: Marcelino Gauna, Germ\u00e1n de los Reyes Vidal y Hugo G\u00f3mez.&nbsp;<br><br>Federico Vandecaveye, a cargo de la mencionada \u00e1rea comunal, se\u00f1al\u00f3 que los trabajos realizados por el equipo consistieron en \u201cinstrumentos caracter\u00edsticos del chamam\u00e9, como es la guitarra y el acorde\u00f3n, adem\u00e1s de una pareja de baile en metal, todos ellos realizados con material reciclado\u201d, remarc\u00f3.<br><br>\u201cSe utiliz\u00f3 material reciclable en hierro, como cadenas de motos, partes de automotor, entre otros, que ellos le fueron dando forma para sus creaciones\u201d, a\u00f1adi\u00f3.<br><br>Se\u00f1al\u00f3 que adem\u00e1s, \u201cse inauguraron losetas en homenaje a los Hermanos Barrios\u201d.<br><br>El inicio del ciclo Nuestra M\u00fasica cont\u00f3 con las preseincas de Teko Por\u00e1 Chamam\u00e9, Kevin Gonz\u00e1lez y su conjunto, N\u00e9stor y Tom\u00e1s Barrios, m\u00fasicos y herederos de Los Hermanos Barrios quienes acompa\u00f1aron el descubrimiento de las losetas en homenaje a este destacado y recordado conjunto chamamecero.<br><br>ORGULLO CHAMAMECERO<br>\u201cTenemos una satisfacci\u00f3n y un orgullo muy grande por este reconocimiento merecido que tienen nuestros padres, los hermanos Barrios\u201d, se\u00f1al\u00f3 Tom\u00e1s. Por su parte, N\u00e9stor agradeci\u00f3 a la Municipalidad \u201cpor tenerlos siempre presentes, los Barrios han significado mucho para mucha gente, muchas generaciones, muchas familias se han formado bailando en los pueblos, en las pistas tradicionales, en el litoral\u201d.<br><br>\u201cEs muy significativo realmente para mucha gente y destaco al municipio por tener esta iniciativa de recordarlos, como a tantos otros artistas que han marcado realmente una parte importante en la historia del chamam\u00e9\u201d, concluy\u00f3 N\u00e9stor.<\/p>\n","protected":false},"excerpt":{"rendered":"<p>Como parte de las actividades por el Mes de Corrientes, en el Paseo de los&#8230;<\/p>\n","protected":false},"author":1,"featured_media":1782,"comment_status":"open","ping_status":"open","sticky":false,"template":"","format":"standard","meta":[],"categories":[1],"tags":[],"_links":{"self":[{"href":"https:\/\/neanoticias.com\/index.php\/wp-json\/wp\/v2\/posts\/1781"}],"collection":[{"href":"https:\/\/neanoticias.com\/index.php\/wp-json\/wp\/v2\/posts"}],"about":[{"href":"https:\/\/neanoticias.com\/index.php\/wp-json\/wp\/v2\/types\/post"}],"author":[{"embeddable":true,"href":"https:\/\/neanoticias.com\/index.php\/wp-json\/wp\/v2\/users\/1"}],"replies":[{"embeddable":true,"href":"https:\/\/neanoticias.com\/index.php\/wp-json\/wp\/v2\/comments?post=1781"}],"version-history":[{"count":1,"href":"https:\/\/neanoticias.com\/index.php\/wp-json\/wp\/v2\/posts\/1781\/revisions"}],"predecessor-version":[{"id":1783,"href":"https:\/\/neanoticias.com\/index.php\/wp-json\/wp\/v2\/posts\/1781\/revisions\/1783"}],"wp:featuredmedia":[{"embeddable":true,"href":"https:\/\/neanoticias.com\/index.php\/wp-json\/wp\/v2\/media\/1782"}],"wp:attachment":[{"href":"https:\/\/neanoticias.com\/index.php\/wp-json\/wp\/v2\/media?parent=1781"}],"wp:term":[{"taxonomy":"category","embeddable":true,"href":"https:\/\/neanoticias.com\/index.php\/wp-json\/wp\/v2\/categories?post=1781"},{"taxonomy":"post_tag","embeddable":true,"href":"https:\/\/neanoticias.com\/index.php\/wp-json\/wp\/v2\/tags?post=1781"}],"curies":[{"name":"wp","href":"https:\/\/api.w.org\/{rel}","templated":true}]}}