{"id":1775,"date":"2025-04-23T13:25:29","date_gmt":"2025-04-23T13:25:29","guid":{"rendered":"https:\/\/neanoticias.com\/?p=1775"},"modified":"2025-04-23T13:25:31","modified_gmt":"2025-04-23T13:25:31","slug":"con-la-inauguracion-de-obras-artisticas-y-musica-inicio-una-nueva-edicion-del-ciclo-nuestra-musica","status":"publish","type":"post","link":"https:\/\/neanoticias.com\/index.php\/2025\/04\/23\/con-la-inauguracion-de-obras-artisticas-y-musica-inicio-una-nueva-edicion-del-ciclo-nuestra-musica\/","title":{"rendered":"CON LA INAUGURACI\u00d3N DE OBRAS ART\u00cdSTICAS Y M\u00daSICA, INICI\u00d3 UNA NUEVA EDICI\u00d3N DEL CICLO NUESTRA M\u00daSICA"},"content":{"rendered":"\n<p>El video, que r\u00e1pidamente se volvi\u00f3 viral en TikTok, muestra al trabajador en el piso del domicilio cuando inspeccionaba el electrodom\u00e9stico.<a rel=\"noreferrer noopener\" href=\"https:\/\/www.facebook.com\/sharer.php?u=https%3A%2F%2Fwww.radiosudamericana.com%2Fnota%2Fsociedad%2F325324-Llamo-a-un-tecnico-para-arreglar-su-heladera-y-filmo-una-insolita-escena.htm\" target=\"_blank\"><\/a><\/p>\n\n\n\n<p>Lo que parec\u00eda una simple reparaci\u00f3n dom\u00e9stica termin\u00f3 convirti\u00e9ndose en un momento ins\u00f3lito y viral. El usuario de TikTok @fertsabanks comparti\u00f3 un video en el que mostr\u00f3 su sorpresa al encontrar al t\u00e9cnico que hab\u00eda contratado para arreglar su heladera&#8230; profundamente dormido en el piso.<\/p>\n\n\n\n<p><em><strong>\u201cVinieron a reparar el refrigerador&#8230;\u201d<\/strong><\/em>, escribi\u00f3 Fernando en la publicaci\u00f3n mientras grababa su reacci\u00f3n, entre risas y sin poder creer lo que estaba viendo. A los pocos segundos, agreg\u00f3 con humor:\u00a0<strong><em>\u201cSe qued\u00f3 dormido\u201d<\/em><\/strong>.<\/p>\n\n\n\n<p>En las im\u00e1genes se observa al trabajador recostado en el suelo, con sus herramientas esparcidas a un lado y al pie del electrodom\u00e9stico, aparentemente en medio de la tarea. La expresi\u00f3n de asombro del due\u00f1o de casa tambi\u00e9n qued\u00f3 registrada en el clip.<\/p>\n\n\n\n<p><strong><em>\u201c\u00bfA mimir?\u201d<\/em><\/strong>, brome\u00f3 en la descripci\u00f3n del video, que no tard\u00f3 en alcanzar m\u00e1s de 1,3 millones de visualizaciones y cosech\u00f3 193 mil&nbsp;<em>\u201cme gusta\u201d&nbsp;<\/em>en cuesti\u00f3n de horas.<\/p>\n\n\n\n<p>Los comentarios tampoco se hicieron esperar y muchos usuarios se tomaron el momento con humor:&nbsp;<strong><em>\u201cEs un sue\u00f1o reparador\u201d<\/em><\/strong>,&nbsp;<strong><em>\u201cqu\u00e9 tierno que hablaste bajito para no despertarlo\u201d<\/em><\/strong>,&nbsp;<em><strong>\u201ces el trabajo de sus sue\u00f1os\u201d<\/strong><\/em>&nbsp;y&nbsp;<strong><em>\u201cagarrale las herramientas\u201d<\/em><\/strong>, fueron algunas de las respuestas m\u00e1s destacadas.<\/p>\n","protected":false},"excerpt":{"rendered":"<p>El video, que r\u00e1pidamente se volvi\u00f3 viral en TikTok, muestra al trabajador en el piso&#8230;<\/p>\n","protected":false},"author":1,"featured_media":1776,"comment_status":"open","ping_status":"open","sticky":false,"template":"","format":"standard","meta":[],"categories":[1],"tags":[],"_links":{"self":[{"href":"https:\/\/neanoticias.com\/index.php\/wp-json\/wp\/v2\/posts\/1775"}],"collection":[{"href":"https:\/\/neanoticias.com\/index.php\/wp-json\/wp\/v2\/posts"}],"about":[{"href":"https:\/\/neanoticias.com\/index.php\/wp-json\/wp\/v2\/types\/post"}],"author":[{"embeddable":true,"href":"https:\/\/neanoticias.com\/index.php\/wp-json\/wp\/v2\/users\/1"}],"replies":[{"embeddable":true,"href":"https:\/\/neanoticias.com\/index.php\/wp-json\/wp\/v2\/comments?post=1775"}],"version-history":[{"count":1,"href":"https:\/\/neanoticias.com\/index.php\/wp-json\/wp\/v2\/posts\/1775\/revisions"}],"predecessor-version":[{"id":1777,"href":"https:\/\/neanoticias.com\/index.php\/wp-json\/wp\/v2\/posts\/1775\/revisions\/1777"}],"wp:featuredmedia":[{"embeddable":true,"href":"https:\/\/neanoticias.com\/index.php\/wp-json\/wp\/v2\/media\/1776"}],"wp:attachment":[{"href":"https:\/\/neanoticias.com\/index.php\/wp-json\/wp\/v2\/media?parent=1775"}],"wp:term":[{"taxonomy":"category","embeddable":true,"href":"https:\/\/neanoticias.com\/index.php\/wp-json\/wp\/v2\/categories?post=1775"},{"taxonomy":"post_tag","embeddable":true,"href":"https:\/\/neanoticias.com\/index.php\/wp-json\/wp\/v2\/tags?post=1775"}],"curies":[{"name":"wp","href":"https:\/\/api.w.org\/{rel}","templated":true}]}}