{"id":1772,"date":"2025-04-23T13:20:44","date_gmt":"2025-04-23T13:20:44","guid":{"rendered":"https:\/\/neanoticias.com\/?p=1772"},"modified":"2025-04-23T13:20:45","modified_gmt":"2025-04-23T13:20:45","slug":"las-ferias-de-la-ciudad-prepararon-un-cronograma-especial-por-la-semana-santa","status":"publish","type":"post","link":"https:\/\/neanoticias.com\/index.php\/2025\/04\/23\/las-ferias-de-la-ciudad-prepararon-un-cronograma-especial-por-la-semana-santa\/","title":{"rendered":"LAS FERIAS DE LA CIUDAD PREPARARON UN CRONOGRAMA ESPECIAL POR LA SEMANA SANTA"},"content":{"rendered":"\n<p><em>El recorrido de los feriantes se reforzar\u00e1 esta semana y sumar\u00e1 expositores de ciudades vecinas y de Ciudad Dise\u00f1o. Jueves y Viernes Santo habr\u00e1 actividad especial, y los d\u00edas s\u00e1bado 19 y domingo 20 se realizar\u00e1 la denominada Feria de Pascuas.<\/em><br>La Municipalidad de Corrientes contin\u00faa acercando productos de calidad, con interesantes ofertas y combos, a diferentes barrios de la ciudad, a trav\u00e9s de las Ferias de la Ciudad. La actividad es coordinada por la Secretar\u00eda de Desarrollo Econ\u00f3mico municipal, a trav\u00e9s de la Subsecretar\u00eda de Econom\u00eda Social.<\/p>\n\n\n\n<p>Las Ferias de la Ciudad prev\u00e9n una programaci\u00f3n especial por Semana Santa que dar\u00e1 inicio el martes 15 en la plaza Torrent -San Lorenzo y Bol\u00edvar- y plaza Los Amigos del barrio Libertad, frente a la escuela N\u00ba6 por calle Brasil.<\/p>\n\n\n\n<p>El mi\u00e9rcoles 16, los feriantes estar\u00e1n en plaza Torrent.<\/p>\n\n\n\n<p>El jueves 17 (Jueves Santo) la actividad ser\u00e1 en plaza La Cruz, por calle Salta, en el barrio del mismo nombre. Y teniendo en cuenta la particular fecha, tambi\u00e9n se instalar\u00e1n feriantes en Paseo Arazaty (de 10 a 22).<\/p>\n\n\n\n<p>De igual manera, habr\u00e1 actividad el Viernes Santo (viernes 18): ese d\u00eda tambi\u00e9n se realizar\u00e1n en el Paseo Arazaty (de 10 a 22).<\/p>\n\n\n\n<p>El recorrido continuar\u00e1 el s\u00e1bado 19, de 8 a 13, por la calle Pil\u00fa G\u00f3mez y Jos\u00e9 Rol\u00f3n, en el parque Mitre.<\/p>\n\n\n\n<p>FERIAS DE PASCUAS<\/p>\n\n\n\n<p>El S\u00e1bado Santo comenzar\u00e1 lo que se promociona como las Ferias de Pascuas. Ese d\u00eda, de 10 a 20, desembarcar\u00e1n en el Paseo Arazaty, con la participaci\u00f3n de los habituales feriantes, a quienes se sumar\u00e1n integrantes del programa Ciudad de Dise\u00f1o, y feriantes de Resistencia (Ferias Conectadas).&nbsp;<\/p>\n\n\n\n<p>El Domingo de Pascuas se repetir\u00e1 la actividad, en el mismo escenario y con los mismos integrantes, que ofrecer\u00e1n de 10 a 20, plantas ornamentales, ofertas gastron\u00f3micas, artesan\u00edas y manualidades.<br><br>CRONOGRAMA<br><br>Martes 15 de abril: plaza Torrent (barrio Centro) y plaza Los Amigos (barrio Libertad)<\/p>\n\n\n\n<p>Mi\u00e9rcoles 16 de abril: plaza Torrent (barrio Centro)<\/p>\n\n\n\n<p>Jueves 17 de abril: plaza La Cruz (barrio La Cruz) y Paseo Arazaty<\/p>\n\n\n\n<p>Viernes 18 de abril (Viernes Santo): &nbsp;Paseo Arazaty<\/p>\n\n\n\n<p>S\u00e1bado 19 de abril (S\u00e1bado Santo): parque Mitre y Paseo Arazaty<\/p>\n\n\n\n<p>Domingo 20 de abril (Domingo de Pascuas): Paseo Arazaty<\/p>\n","protected":false},"excerpt":{"rendered":"<p>El recorrido de los feriantes se reforzar\u00e1 esta semana y sumar\u00e1 expositores de ciudades vecinas&#8230;<\/p>\n","protected":false},"author":1,"featured_media":1773,"comment_status":"open","ping_status":"open","sticky":false,"template":"","format":"standard","meta":[],"categories":[1],"tags":[],"_links":{"self":[{"href":"https:\/\/neanoticias.com\/index.php\/wp-json\/wp\/v2\/posts\/1772"}],"collection":[{"href":"https:\/\/neanoticias.com\/index.php\/wp-json\/wp\/v2\/posts"}],"about":[{"href":"https:\/\/neanoticias.com\/index.php\/wp-json\/wp\/v2\/types\/post"}],"author":[{"embeddable":true,"href":"https:\/\/neanoticias.com\/index.php\/wp-json\/wp\/v2\/users\/1"}],"replies":[{"embeddable":true,"href":"https:\/\/neanoticias.com\/index.php\/wp-json\/wp\/v2\/comments?post=1772"}],"version-history":[{"count":1,"href":"https:\/\/neanoticias.com\/index.php\/wp-json\/wp\/v2\/posts\/1772\/revisions"}],"predecessor-version":[{"id":1774,"href":"https:\/\/neanoticias.com\/index.php\/wp-json\/wp\/v2\/posts\/1772\/revisions\/1774"}],"wp:featuredmedia":[{"embeddable":true,"href":"https:\/\/neanoticias.com\/index.php\/wp-json\/wp\/v2\/media\/1773"}],"wp:attachment":[{"href":"https:\/\/neanoticias.com\/index.php\/wp-json\/wp\/v2\/media?parent=1772"}],"wp:term":[{"taxonomy":"category","embeddable":true,"href":"https:\/\/neanoticias.com\/index.php\/wp-json\/wp\/v2\/categories?post=1772"},{"taxonomy":"post_tag","embeddable":true,"href":"https:\/\/neanoticias.com\/index.php\/wp-json\/wp\/v2\/tags?post=1772"}],"curies":[{"name":"wp","href":"https:\/\/api.w.org\/{rel}","templated":true}]}}