{"id":1762,"date":"2025-03-24T04:21:01","date_gmt":"2025-03-24T04:21:01","guid":{"rendered":"https:\/\/neanoticias.com\/?p=1762"},"modified":"2025-03-24T04:21:02","modified_gmt":"2025-03-24T04:21:02","slug":"el-intendente-inauguro-la-refaccion-integral-de-la-plaza-estado-de-israel","status":"publish","type":"post","link":"https:\/\/neanoticias.com\/index.php\/2025\/03\/24\/el-intendente-inauguro-la-refaccion-integral-de-la-plaza-estado-de-israel\/","title":{"rendered":"EL INTENDENTE INAUGUR\u00d3 LA REFACCI\u00d3N INTEGRAL DE LA PLAZA ESTADO DE ISRAEL"},"content":{"rendered":"\n<p><em>Se trata de uno de los principales pulmones en esta zona de la ciudad. La obra se suma a las m\u00e1s de 250 intervenciones realizadas por el Municipio en espacios verdes durante la gesti\u00f3n de Eduardo Tassano.<\/em><\/p>\n\n\n\n<p>En la tarde de este lunes el intendente Eduardo Tassano habilit\u00f3 la renovada Plaza Estado de Israel, ubicada en el Barrio Apip\u00e9. Tras una importante inversi\u00f3n del Estado Municipal, el espacio fue refaccionado integralmente para el disfrute de miles de vecinos de este sector de la ciudad. La intervenci\u00f3n en espacios verdes es ya una pol\u00edtica p\u00fablica consolidada en la Capital, teniendo en cuenta que se han ejecutado nuevas obras en m\u00e1s de 250 plazas y plazoletas.&nbsp;<br><br>\u201cEs una plaza de una cuadra ampl\u00edsima, muy concurrida por los vecinos que la hemos puesto a nuevo, con nuevos mobiliarios, bancos, juegos para ni\u00f1os, veredas y la iluminaci\u00f3n LED\u201d, coment\u00f3 el jefe comunal luego de la inauguraci\u00f3n. La obra tambi\u00e9n implic\u00f3 la restauraci\u00f3n del m\u00e1stil y el anfiteatro, la instalaci\u00f3n de un centro de Calistenia y la construcci\u00f3n de rampas para garantizar la accesibilidad para personas con discapacidad y movilidad reducida. &nbsp;<br><br>En este marco, Tassano invit\u00f3 a los vecinos a cuidar de este nuevo espacio y renov\u00f3 el compromiso de la gesti\u00f3n: &#8220;Vamos a seguir trabajando, a seguir mejorando cada espacio. Valoramos mucho y apreciamos que el correntino disfrute de los &nbsp;espacios p\u00fablicos de la ciudad\u201d, concluy\u00f3.&nbsp;<br><br>POL\u00cdTICA DE ESTADO<br>&#8220;Este espacio es el pulm\u00f3n, el centro del barrio que congrega a todos los vecinos del barrio&#8221;, destac\u00f3 Mathias Cabrera, secretario de Infraestructura municipal.&nbsp; Seguidamente, valor\u00f3 la inversi\u00f3n que hizo posible esta obra. &#8220;Para nosotros es un gran esfuerzo, es invertir el recurso de los correntinos en los correntinos&#8221;.<br><br>Por \u00faltimo, el secretario record\u00f3 que son m\u00e1s de 250 los espacios intervenidos en esta gesti\u00f3n y anunci\u00f3 que en los pr\u00f3ximos d\u00edas se inaugurar\u00e1n seis nuevas obras en plazas en la ciudad.&nbsp;<br><br>A su vez, Miguel Badar\u00f3, vecino del barrio Apip\u00e9, expres\u00f3 su entusiasmo por la renovaci\u00f3n de la Plaza Estado de Israel. &#8220;Hace 30 a\u00f1os vivo en este barrio. Desde el a\u00f1o 1995 jam\u00e1s se puso un ladrillo ac\u00e1 y hoy con la intendencia del doctor Tassano se logr\u00f3 remodelar. Tiene toda la infraestructura de una plaza europea, de primer nivel&#8221;, destac\u00f3.<\/p>\n","protected":false},"excerpt":{"rendered":"<p>Se trata de uno de los principales pulmones en esta zona de la ciudad. La&#8230;<\/p>\n","protected":false},"author":1,"featured_media":1763,"comment_status":"open","ping_status":"open","sticky":false,"template":"","format":"standard","meta":[],"categories":[1],"tags":[],"_links":{"self":[{"href":"https:\/\/neanoticias.com\/index.php\/wp-json\/wp\/v2\/posts\/1762"}],"collection":[{"href":"https:\/\/neanoticias.com\/index.php\/wp-json\/wp\/v2\/posts"}],"about":[{"href":"https:\/\/neanoticias.com\/index.php\/wp-json\/wp\/v2\/types\/post"}],"author":[{"embeddable":true,"href":"https:\/\/neanoticias.com\/index.php\/wp-json\/wp\/v2\/users\/1"}],"replies":[{"embeddable":true,"href":"https:\/\/neanoticias.com\/index.php\/wp-json\/wp\/v2\/comments?post=1762"}],"version-history":[{"count":1,"href":"https:\/\/neanoticias.com\/index.php\/wp-json\/wp\/v2\/posts\/1762\/revisions"}],"predecessor-version":[{"id":1764,"href":"https:\/\/neanoticias.com\/index.php\/wp-json\/wp\/v2\/posts\/1762\/revisions\/1764"}],"wp:featuredmedia":[{"embeddable":true,"href":"https:\/\/neanoticias.com\/index.php\/wp-json\/wp\/v2\/media\/1763"}],"wp:attachment":[{"href":"https:\/\/neanoticias.com\/index.php\/wp-json\/wp\/v2\/media?parent=1762"}],"wp:term":[{"taxonomy":"category","embeddable":true,"href":"https:\/\/neanoticias.com\/index.php\/wp-json\/wp\/v2\/categories?post=1762"},{"taxonomy":"post_tag","embeddable":true,"href":"https:\/\/neanoticias.com\/index.php\/wp-json\/wp\/v2\/tags?post=1762"}],"curies":[{"name":"wp","href":"https:\/\/api.w.org\/{rel}","templated":true}]}}