{"id":1751,"date":"2025-03-24T02:47:44","date_gmt":"2025-03-24T02:47:44","guid":{"rendered":"https:\/\/neanoticias.com\/?p=1751"},"modified":"2025-03-24T02:47:45","modified_gmt":"2025-03-24T02:47:45","slug":"este-fin-de-semana-la-municipalidad-propone-ferias-exposicion-de-autos-y-recorridos-guiados","status":"publish","type":"post","link":"https:\/\/neanoticias.com\/index.php\/2025\/03\/24\/este-fin-de-semana-la-municipalidad-propone-ferias-exposicion-de-autos-y-recorridos-guiados\/","title":{"rendered":"ESTE FIN DE SEMANA, LA MUNICIPALIDAD PROPONE FERIAS, EXPOSICI\u00d3N DE AUTOS Y RECORRIDOS GUIADOS"},"content":{"rendered":"\n<p><em>Ferias de artesanos, patio comiquero, encuentros de poes\u00eda y m\u00fasica en vivo, recorridos pedestres guiados, meditaci\u00f3n y exposici\u00f3n de autos antiguos son algunas de las propuestas gratuitas que vecinos y turistas podr\u00e1n disfrutar en la ciudad.<\/em><\/p>\n\n\n\n<p>Como cada fin de semana, la Municipalidad de la ciudad de Corrientes propone una gran variedad de actividades gratuitas para que vecinos y visitantes disfruten de la ciudad a pleno.<br><br>El viernes, la tradicional Feria de Artesanos tendr\u00e1 lugar en la plaza Cabral, de 9 a 22, con una amplia variedad de creaciones \u00fanicas y productos locales. Mientras que el s\u00e1bado y domingo, desde las 9 y hasta las 22, se trasladar\u00e1 a Costanera Sur y Las Heras, brindando una oportunidad para disfrutar del paseo junto al r\u00edo y descubrir piezas \u00fanicas realizadas por emprendedores locales.<br><br>El s\u00e1bado 15 de marzo, desde las 15, en la Av. Costanera General San Mart\u00edn, entre calle Don Bosco y Padre Borgatti, se podr\u00e1 disfrutar de una exposici\u00f3n de autos cl\u00e1sicos con m\u00e1s de 30 ejemplares a disposici\u00f3n de la gente para que pueda verlos, conocer y sacarse fotos con estas joyas automovil\u00edsticas en excelente estado.<br><br>De 16 a 23 en Espacio Mari\u00f1o (Santa F\u00e9 847) se llevar\u00e1 adelante el \u201cPatio comiquero\u201d y \u201cFestival Dystopia\u201d. Un encuentro gratuito donde confluir\u00e1n poes\u00eda y m\u00fasica en vivo.<br><br>De 18.30 a 20.30 en Casa del Bicentenario del barrio San Ger\u00f3nimo tendr\u00e1 lugar &#8220;Argentina Medita&#8221;. Un evento que se desarrolla simult\u00e1neamente en 50 lugares del pa\u00eds con el lema &#8220;Porque la Paz se contagia&#8221;. Para participar, los interesados deben inscribirse en:&nbsp;<a href=\"https:\/\/www.artedv.org\/argentinamedita2025\" target=\"_blank\" rel=\"noreferrer noopener\">https:\/\/www.artedv.org\/argentinamedita2025<\/a>&nbsp;<br><br>De 19 a 21, en la plaza 25 de mayo, con punto de encuentro en el Monumento al General San Mart\u00edn iniciar\u00e1 el guiado pedestre \u201cDescubr\u00ed Corrientes\u201d. Se trata de un recorrido hist\u00f3rico-cultural con duraci\u00f3n de dos horas aproximadamente. Con esta iniciativa se busca poner en valor los circuitos tur\u00edsticos de la ciudad y potenciar y promocionar el &#8220;Destino Corrientes\u201d. Los interesados en participar pueden hacerlo inscribi\u00e9ndose al:&nbsp;<a href=\"https:\/\/visitcorrientes.tur.ar\/descubri\/\" target=\"_blank\" rel=\"noreferrer noopener\">https:\/\/visitcorrientes.tur.ar\/descubri\/<\/a><br><br>En tanto que el domingo, de 18 a 20, el destino de \u201cDescubr\u00ed Corrientes\u201d ser\u00e1 el cementerio San Juan Bautista. En este caso, el punto de encuentro ser\u00e1 la entrada principal. La tem\u00e1tica en este caso ser\u00e1 mausoleos de personalidades.<br><br>Por \u00faltimo, de 16 a 22.30, se realizar\u00e1 una nueva edici\u00f3n del evento que re\u00fane a gran cantidad de j\u00f3venes en el parque Mitre: el encuentro Baila K-Pop.<\/p>\n","protected":false},"excerpt":{"rendered":"<p>Ferias de artesanos, patio comiquero, encuentros de poes\u00eda y m\u00fasica en vivo, recorridos pedestres guiados,&#8230;<\/p>\n","protected":false},"author":1,"featured_media":1752,"comment_status":"open","ping_status":"open","sticky":false,"template":"","format":"standard","meta":[],"categories":[1],"tags":[],"_links":{"self":[{"href":"https:\/\/neanoticias.com\/index.php\/wp-json\/wp\/v2\/posts\/1751"}],"collection":[{"href":"https:\/\/neanoticias.com\/index.php\/wp-json\/wp\/v2\/posts"}],"about":[{"href":"https:\/\/neanoticias.com\/index.php\/wp-json\/wp\/v2\/types\/post"}],"author":[{"embeddable":true,"href":"https:\/\/neanoticias.com\/index.php\/wp-json\/wp\/v2\/users\/1"}],"replies":[{"embeddable":true,"href":"https:\/\/neanoticias.com\/index.php\/wp-json\/wp\/v2\/comments?post=1751"}],"version-history":[{"count":1,"href":"https:\/\/neanoticias.com\/index.php\/wp-json\/wp\/v2\/posts\/1751\/revisions"}],"predecessor-version":[{"id":1753,"href":"https:\/\/neanoticias.com\/index.php\/wp-json\/wp\/v2\/posts\/1751\/revisions\/1753"}],"wp:featuredmedia":[{"embeddable":true,"href":"https:\/\/neanoticias.com\/index.php\/wp-json\/wp\/v2\/media\/1752"}],"wp:attachment":[{"href":"https:\/\/neanoticias.com\/index.php\/wp-json\/wp\/v2\/media?parent=1751"}],"wp:term":[{"taxonomy":"category","embeddable":true,"href":"https:\/\/neanoticias.com\/index.php\/wp-json\/wp\/v2\/categories?post=1751"},{"taxonomy":"post_tag","embeddable":true,"href":"https:\/\/neanoticias.com\/index.php\/wp-json\/wp\/v2\/tags?post=1751"}],"curies":[{"name":"wp","href":"https:\/\/api.w.org\/{rel}","templated":true}]}}