{"id":1748,"date":"2025-03-24T02:46:23","date_gmt":"2025-03-24T02:46:23","guid":{"rendered":"https:\/\/neanoticias.com\/?p=1748"},"modified":"2025-03-24T02:46:25","modified_gmt":"2025-03-24T02:46:25","slug":"quien-es-el-fotografo-herido-en-la-marcha-de-jubilados-en-el-congreso","status":"publish","type":"post","link":"https:\/\/neanoticias.com\/index.php\/2025\/03\/24\/quien-es-el-fotografo-herido-en-la-marcha-de-jubilados-en-el-congreso\/","title":{"rendered":"QUI\u00c9N ES EL FOT\u00d3GRAFO HERIDO EN LA MARCHA DE JUBILADOS EN EL CONGRESO"},"content":{"rendered":"\n<p>Pablo Grillo tiene 35 a\u00f1os y fue golpeado en la cabeza por una c\u00e1psula lacrim\u00f3gena cuando sacaba fotos de la manifestaci\u00f3n.\u00a0Sufri\u00f3 p\u00e9rdida de masa encef\u00e1lica y fractura de cr\u00e1neo. Fue operado y su estado es reservado.<a rel=\"noreferrer noopener\" href=\"https:\/\/www.facebook.com\/sharer.php?u=https%3A%2F%2Fwww.radiosudamericana.com%2Fnota%2Fpoliciales%2F323788-Quien-es-el-fotografo-herido-en-la-marcha-de-jubilados-en-el-Congreso.htm\" target=\"_blank\"><\/a><\/p>\n\n\n\n<p>En medio de los violentos enfrentamientos en la&nbsp;marcha de jubilados&nbsp;de este mi\u00e9rcoles en el Congreso, el fot\u00f3grafo&nbsp;Pablo Grillo (35)&nbsp;result\u00f3&nbsp;herido de gravedad&nbsp;tras recibir el impacto en la cabeza de una c\u00e1psula de gas lacrim\u00f3geno.&nbsp;<strong>El golpe lo dej\u00f3 inconsciente y fue trasladado de urgencia al Hospital Ramos Mej\u00eda, donde fue operado y&nbsp;qued\u00f3 internado en grave estado.<\/strong><\/p>\n\n\n\n<p>Las consecuencias del golpe fueron una&nbsp;fractura de cr\u00e1neo y p\u00e9rdida de masa encef\u00e1lica, por lo que tuvo que ser intervenido quir\u00fargicamente de inmediato. Como perdi\u00f3 mucha sangre, el hospital hizo inicialmente un&nbsp;pedido a dadores de sangre&nbsp;de cualquier tipo, pero allegados a Grillo contaron que ya lograron cubrir el cupo con la solidaridad de quienes se acercaron a ayudar.<\/p>\n\n\n\n<p>El momento del impacto qued\u00f3 registrado en un video. Se puede ver a Pablo&nbsp;sacando fotos agachado, detr\u00e1s de una valla prendida fuego, con el Congreso de la Naci\u00f3n de fondo y rodeado de una gran nube generada por el fuego y los gases. De repente,&nbsp;un proyectil lacrim\u00f3geno lanzado por las fuerzas de seguridad&nbsp;le impact\u00f3 en la cabeza.<\/p>\n\n\n\n<p><strong>Con la c\u00e1mara en mano,&nbsp;Pablo cay\u00f3 hacia atr\u00e1s y su cuerpo qued\u00f3 tendido en el suelo.<\/strong>&nbsp;Manifestantes y colegas del fot\u00f3grafo salieron corriendo a ayudarlo, pero ya estaba inconsciente. Ten\u00eda toda la&nbsp;cara ensangrentada.<\/p>\n\n\n\n<p>Luego de que lo derivaron de urgencia al hospital, fue operado en la noche y se encuentra internado con&nbsp;\u201cpron\u00f3stico reservado\u201d y cr\u00edtico. Los m\u00e9dicos lograron bajar la presi\u00f3n intracraneal y reconstruir parte del tejido da\u00f1ado. Un amigo agreg\u00f3 que sus pupilas estaban respondiendo correctamente. Su estado sigue siendo delicado, por lo que los pr\u00f3ximos d\u00edas ser\u00e1n clave para su evoluci\u00f3n.<\/p>\n\n\n\n<p>El pap\u00e1 de Pablo, Fabi\u00e1n Grillo, cont\u00f3 en di\u00e1logo con C5N que esta ma\u00f1ana le estaban realizando dos estudios de diagn\u00f3stico. &#8220;<strong>Es para medir la presi\u00f3n del otro lado del cerebro, un mecanismo de diagn\u00f3stico, no es curativo ni nada por el estilo, simplemente tienen que medirlo&#8221;, agreg\u00f3.<\/strong><\/p>\n\n\n\n<p>Anoche, mientras se estaba llevando a cabo la operaci\u00f3n, el padre mostr\u00f3 su enojo y su dolor a varios medios en la puerta del centro m\u00e9dico:&nbsp;\u201cSomos una familia de militantes, y lo decimos con orgullo, la militancia no es mala\u201d.<\/p>\n\n\n\n<p>\u201c\u00c9l era un militante, pero tambi\u00e9n era un fot\u00f3grafo y estaba haciendo fotograf\u00edas en forma independiente. Siempre documenta cuando hay este tipo de actividades\u201d, se\u00f1al\u00f3. En su cuenta de Instagram Pablo describe que es &#8220;contempor\u00e1neo a N\u00e9stor\/Cristina y eso es algo hermoso que much@s comprenden&#8230; entre amores y odios&#8221; y agrega: &#8220;saco fotos tambi\u00e9n&#8230; documentos visuales (apasionante)&#8221;.<\/p>\n\n\n\n<p>Diego, un amigo de Pablo, dio declaraciones hoy a la ma\u00f1ana a TN: \u201cVine a donar sangre, cuando llegu\u00e9 a las nueve ya estaba todo colapsado y segu\u00eda llegando gente, as\u00ed que estamos pidiendo que no vengan m\u00e1s porque sobrepas\u00f3\u201d. Adem\u00e1s, agreg\u00f3 que tiene toda la fe del mundo que su amigo va a estar bien:&nbsp;<strong>\u201cMe dio mucha esperanza que le respond\u00edan las pupilas. Lo dejaron en estado reservado. Ahora esperar que est\u00e9 todo bien\u201d.<\/strong><\/p>\n\n\n\n<p>\u201cPablo es una persona humilde, trabajadora, una excelente persona. \u00c9l trabaja con su c\u00e1mara, como en manifestaciones, juntadas de amigos, recitales, donde sea, es apasionado por sacar fotos\u201d, relat\u00f3.<\/p>\n\n\n\n<p>Grillo es alumno de la Asociaci\u00f3n de Reporteros Gr\u00e1ficos de la Rep\u00fablica Argentina (aRGra) y es militante del partido Nuevo Encuentro, una organizaci\u00f3n pol\u00edtica dirigida por el ex diputado nacional Mart\u00edn Sabbatella.<\/p>\n\n\n\n<p>Desde aRGra, esta ma\u00f1ana, en una conferencia de prensa&nbsp;hicieron responsable a Patricia Bullrich&nbsp;del ataque contra Grillo y exigieron que&nbsp;el presidente Milei la separe de su cargo:&nbsp;&#8220;No queremos que se vayan todos, queremos que se queden y que cumpla la ley&#8221;. Pidieron que se realice una investigaci\u00f3n exhaustiva sobre el hecho y&nbsp;convocaron a un &#8220;camarazo&#8221;&nbsp;hoy a las 16 horas en Hip\u00f3lito Yrigoyen y Sol\u00eds, el lugar donde hirieron a Pablo.<\/p>\n\n\n\n<p>En su cuenta de Instagram, Grillo publica im\u00e1genes de su trabajo y viajes, en las que aparece la mayor\u00eda de las veces con una c\u00e1mara. Sus posteos van desde publicaciones de su trabajo fotogr\u00e1fico, como im\u00e1genes de un viaje a Brasil y varias historias destacadas apoyando a la pol\u00edtica de Cristina Kirchner.<\/p>\n\n\n\n<p>El padre del fot\u00f3grafo cuestion\u00f3 los dichos de Bullrich, en La Naci\u00f3n+ sobre este violento acontecimiento. \u201cUno de los que est\u00e1 preso, que dicen que es periodista, estaba en el Ministerio de Justicia y era candidato de Lan\u00fas de Juli\u00e1n \u00c1lvarez. Se llama Pablo Grillo, es un militante kirchnerista que trabaja en la Municipalidad de Lan\u00fas\u201d, sostuvo la funcionaria anoche.<\/p>\n\n\n\n<p><strong>Fabi\u00e1n Grillo respondi\u00f3 enojado anoche,<\/strong>&nbsp;mientras estaban operando a su hijo: \u201cMandan a matar, mi hijo est\u00e1 corriendo peligro. Lo est\u00e1n operando y hay que esperar. Es grave\u201d. Esta ma\u00f1ana, cuando hablaba con C5N, critic\u00f3 que ning\u00fan funcionario a nivel nacional se comunic\u00f3 con \u00e9l, &#8220;sinceramente de esa gente no espero nada. Kreplak s\u00ed se comunic\u00f3 conmigo, al igual que Kicillof&#8221;.<\/p>\n\n\n\n<p>\u201cEst\u00e1 diciendo Bullrich que es un preso pol\u00edtico,&nbsp;pero Pablo no conoce una comisar\u00eda. \u00bfQu\u00e9 manera tiene de ser violento si est\u00e1 sacando fotos? Mostrame un video donde Pablo est\u00e9 tirando una piedra, prendiendo fuego algo, no se entiende lo que dicen\u201d, agreg\u00f3 indignado su amigo, Diego.<\/p>\n\n\n\n<p><strong>Seguir Leyendo:<\/strong><\/p>\n\n\n\n<p><a href=\"https:\/\/www.radiosudamericana.com\/nota\/politica\/323727-Marcha-de-jubilados--manifestantes-incendiaron-un-patrullero.htm\" target=\"_blank\" rel=\"noreferrer noopener\">Marcha de jubilados: manifestantes incendiaron un patrullero<\/a><\/p>\n\n\n\n<p><a href=\"https:\/\/www.radiosudamericana.com\/nota\/policiales\/323729-Un-policia-golpeo-a-una-jubilada-y-la-dejo-inconsciente.htm\" target=\"_blank\" rel=\"noreferrer noopener\">Un polic\u00eda golpe\u00f3 a una jubilada y la dej\u00f3 inconsciente<\/a><\/p>\n\n\n\n<p>El propio intendente de Lan\u00fas, Juli\u00e1n \u00c1lvarez, sali\u00f3 al cruce de la funcionaria en un posteo en X en el que cont\u00f3 que conoc\u00eda al fot\u00f3grafo porque \u201ccompartieron espacios de militancia\u201d, pero&nbsp;neg\u00f3 que haya trabajado en la municipalidad. \u201cTenemos que escuchar a la ministra de Seguridad Nacional, a cargo del brutal operativo desplegado el d\u00eda de hoy, declarando que Pablo se encuentra detenido y que adem\u00e1s, como si eso importara, es trabajador municipal de Lan\u00fas.&nbsp;Ninguna de las dos cosas es cierta\u201d, expres\u00f3.<\/p>\n\n\n\n<p>El intendente tambi\u00e9n dedic\u00f3 unas palabras a su familia y a la recuperaci\u00f3n de Pablo. \u201cEstamos en contacto permanente y a total disposici\u00f3n de la familia, con todas nuestras energ\u00edas puestas en que Pablo salga adelante.&nbsp;<strong>Ya no se puede pedir responsabilidad, cordura o humanidad de la ministra de Seguridad\u201d.<\/strong><\/p>\n","protected":false},"excerpt":{"rendered":"<p>Pablo Grillo tiene 35 a\u00f1os y fue golpeado en la cabeza por una c\u00e1psula lacrim\u00f3gena&#8230;<\/p>\n","protected":false},"author":1,"featured_media":1749,"comment_status":"open","ping_status":"open","sticky":false,"template":"","format":"standard","meta":[],"categories":[1],"tags":[],"_links":{"self":[{"href":"https:\/\/neanoticias.com\/index.php\/wp-json\/wp\/v2\/posts\/1748"}],"collection":[{"href":"https:\/\/neanoticias.com\/index.php\/wp-json\/wp\/v2\/posts"}],"about":[{"href":"https:\/\/neanoticias.com\/index.php\/wp-json\/wp\/v2\/types\/post"}],"author":[{"embeddable":true,"href":"https:\/\/neanoticias.com\/index.php\/wp-json\/wp\/v2\/users\/1"}],"replies":[{"embeddable":true,"href":"https:\/\/neanoticias.com\/index.php\/wp-json\/wp\/v2\/comments?post=1748"}],"version-history":[{"count":1,"href":"https:\/\/neanoticias.com\/index.php\/wp-json\/wp\/v2\/posts\/1748\/revisions"}],"predecessor-version":[{"id":1750,"href":"https:\/\/neanoticias.com\/index.php\/wp-json\/wp\/v2\/posts\/1748\/revisions\/1750"}],"wp:featuredmedia":[{"embeddable":true,"href":"https:\/\/neanoticias.com\/index.php\/wp-json\/wp\/v2\/media\/1749"}],"wp:attachment":[{"href":"https:\/\/neanoticias.com\/index.php\/wp-json\/wp\/v2\/media?parent=1748"}],"wp:term":[{"taxonomy":"category","embeddable":true,"href":"https:\/\/neanoticias.com\/index.php\/wp-json\/wp\/v2\/categories?post=1748"},{"taxonomy":"post_tag","embeddable":true,"href":"https:\/\/neanoticias.com\/index.php\/wp-json\/wp\/v2\/tags?post=1748"}],"curies":[{"name":"wp","href":"https:\/\/api.w.org\/{rel}","templated":true}]}}