{"id":1745,"date":"2025-03-24T02:44:40","date_gmt":"2025-03-24T02:44:40","guid":{"rendered":"https:\/\/neanoticias.com\/?p=1745"},"modified":"2025-03-24T02:44:41","modified_gmt":"2025-03-24T02:44:41","slug":"atencion-usuarios-se-levanto-el-paro-de-colectivos-en-chaco","status":"publish","type":"post","link":"https:\/\/neanoticias.com\/index.php\/2025\/03\/24\/atencion-usuarios-se-levanto-el-paro-de-colectivos-en-chaco\/","title":{"rendered":"ATENCI\u00d3N USUARIOS: SE LEVANT\u00d3 EL PARO DE COLECTIVOS EN CHACO"},"content":{"rendered":"\n<p>De acuerdo a la informaci\u00f3n a la que accedi\u00f3 el cronista de Sudamericana, en la jornada de este jueves por la noche, se suspendi\u00f3 la medida de fuerza que afect\u00f3 a todo el Gran Resistencia. El grupo empresario y la Uni\u00f3n Tranviarios Automotor (UTA), alcanzaron un acuerdo parcial y volver\u00e1n a reunirse la pr\u00f3xima semana.<a rel=\"noreferrer noopener\" href=\"https:\/\/www.facebook.com\/sharer.php?u=https%3A%2F%2Fwww.radiosudamericana.com%2Fnota%2Feconomia%2F323789-Atencion-usuarios--se-levanto-el-paro-de-colectivos-en-Chaco.htm\" target=\"_blank\"><\/a><\/p>\n\n\n\n<p>El servicio de transporte p\u00fablico en el Gran Resistencia volver\u00e1 a funcionar con normalidad desde las 4 de la ma\u00f1ana de este viernes, luego de que la Uni\u00f3n Tranviarios Automotor (UTA) decidiera levantar el paro tras&nbsp;<strong>llegar a un acuerdo parcial con el sector empresarial.<\/strong><\/p>\n\n\n\n<p>La medida de fuerza, que afect\u00f3 a miles de usuarios en la capital chaque\u00f1a y su \u00e1rea metropolitana, fue suspendida luego de una asamblea de trabajadores realizada en la tarde del jueves junto a los empresarios. Durante el encuentro, se resolvi\u00f3\u00a0<strong>aceptar un pago parcial\u00a0 del 25%,<\/strong>\u00a0mientras que el porcentaje restante ser\u00e1 tratado en una nueva reuni\u00f3n la pr\u00f3xima semana.<\/p>\n\n\n\n<p>Seg\u00fan explic\u00f3 Gustavo Larrea, secretario de FATAP y vocero de CETUC a Sudamericana, &#8220;las tarifas que se aplicaron en enero se basan en costos de agosto del a\u00f1o pasado. Desde entonces, hubo aumentos en el combustible, en los salarios y en la estructura operativa, lo que genera un d\u00e9ficit enorme&#8221;, explic\u00f3.<\/p>\n\n\n\n<p>De acuerdo con esto, se\u00f1al\u00f3: \u201cCada vez tenemos menos pasajeros, y la recaudaci\u00f3n de la tarifa plana de $1.300 por usuario se hace insuficiente&#8221;, sostuvo. Adem\u00e1s, sostuvo que el Estado provincial aporta s<strong>olo un 23% de la tarifa t\u00e9cnica,<\/strong>&nbsp;cuando en a\u00f1os anteriores llegaba al 50%.<\/p>\n\n\n\n<p>Otro punto se\u00f1alado es la falta compensaci\u00f3n estatal por los pases gratuitos. &#8220;El art\u00edculo 81 de la Ley de Discapacidad establece que las empresas deben transportar a los pasajeros con pases libres, y el Estado debe reembolsar esos costos. Sin embargo, esto no se est\u00e1 cumpliendo&#8221;, denunci\u00f3 Larrea.<\/p>\n","protected":false},"excerpt":{"rendered":"<p>De acuerdo a la informaci\u00f3n a la que accedi\u00f3 el cronista de Sudamericana, en la&#8230;<\/p>\n","protected":false},"author":1,"featured_media":1746,"comment_status":"open","ping_status":"open","sticky":false,"template":"","format":"standard","meta":[],"categories":[1],"tags":[],"_links":{"self":[{"href":"https:\/\/neanoticias.com\/index.php\/wp-json\/wp\/v2\/posts\/1745"}],"collection":[{"href":"https:\/\/neanoticias.com\/index.php\/wp-json\/wp\/v2\/posts"}],"about":[{"href":"https:\/\/neanoticias.com\/index.php\/wp-json\/wp\/v2\/types\/post"}],"author":[{"embeddable":true,"href":"https:\/\/neanoticias.com\/index.php\/wp-json\/wp\/v2\/users\/1"}],"replies":[{"embeddable":true,"href":"https:\/\/neanoticias.com\/index.php\/wp-json\/wp\/v2\/comments?post=1745"}],"version-history":[{"count":1,"href":"https:\/\/neanoticias.com\/index.php\/wp-json\/wp\/v2\/posts\/1745\/revisions"}],"predecessor-version":[{"id":1747,"href":"https:\/\/neanoticias.com\/index.php\/wp-json\/wp\/v2\/posts\/1745\/revisions\/1747"}],"wp:featuredmedia":[{"embeddable":true,"href":"https:\/\/neanoticias.com\/index.php\/wp-json\/wp\/v2\/media\/1746"}],"wp:attachment":[{"href":"https:\/\/neanoticias.com\/index.php\/wp-json\/wp\/v2\/media?parent=1745"}],"wp:term":[{"taxonomy":"category","embeddable":true,"href":"https:\/\/neanoticias.com\/index.php\/wp-json\/wp\/v2\/categories?post=1745"},{"taxonomy":"post_tag","embeddable":true,"href":"https:\/\/neanoticias.com\/index.php\/wp-json\/wp\/v2\/tags?post=1745"}],"curies":[{"name":"wp","href":"https:\/\/api.w.org\/{rel}","templated":true}]}}