{"id":1739,"date":"2025-03-24T02:39:19","date_gmt":"2025-03-24T02:39:19","guid":{"rendered":"https:\/\/neanoticias.com\/?p=1739"},"modified":"2025-03-24T02:39:20","modified_gmt":"2025-03-24T02:39:20","slug":"ya-no-se-esconden-el-video-que-confirma-la-reconciliacion-de-tini-y-de-paul","status":"publish","type":"post","link":"https:\/\/neanoticias.com\/index.php\/2025\/03\/24\/ya-no-se-esconden-el-video-que-confirma-la-reconciliacion-de-tini-y-de-paul\/","title":{"rendered":"YA NO SE ESCONDEN: EL VIDEO QUE CONFIRMA LA RECONCILIACI\u00d3N DE TINI Y DE PAUL"},"content":{"rendered":"\n<p>La artista fue vista en un palco del Estadio Metropolitano, donde el Atl\u00e9tico de Madrid cay\u00f3 por penales ante Real Madrid por la Champions League.<a rel=\"noreferrer noopener\" href=\"https:\/\/www.facebook.com\/sharer.php?u=https%3A%2F%2Fwww.radiosudamericana.com%2Fnota%2Fespectaculos%2F323792-Ya-no-se-esconden--el-video-que-confirma-la-reconciliacion-de-Tini-y-De-Paul.htm\" target=\"_blank\"><\/a><\/p>\n\n\n\n<p>Luego de batallar contra una serie de rumores, en abril de 2022,&nbsp;Tini Stoessel y Rodrigo De Paul&nbsp;confirmaban el inicio de su relaci\u00f3n que tan pol\u00e9mica se volvi\u00f3 por los desacuerdos y cruces con&nbsp;Camila Homs, expareja del futbolista y madre de sus dos hijos.<\/p>\n\n\n\n<p>Sin embargo, poco m\u00e1s de un a\u00f1o despu\u00e9s -exactamente, el 1\u00b0 de agosto de 2023, una de las parejas m\u00e1s aclamadas por la prensa y los fans&nbsp;puso punto final a su v\u00ednculo y lo anunci\u00f3 en las redes sociales de ambos, dejando perplejos a sus seguidores.<\/p>\n\n\n\n<p>A partir de entonces, De Paul no volvi\u00f3 a mostrarse con ninguna pareja, en tanto que Tini s\u00ed lo hizo: de acuerdo a las m\u00faltiples se\u00f1ales en redes sociales, la int\u00e9rprete de &#8220;Mi\u00e9nteme&#8221; estaba saliendo con Young Miko, la famosa cantante puertorrique\u00f1a.<\/p>\n\n\n\n<p>Lo cierto es que, en las \u00faltimas semanas,&nbsp;volvieron a correr rumores sobre que Tini se hab\u00eda reconciliado con De Paul, dejando a un lado su incipiente relaci\u00f3n con la artista. Tras el surgimiento de una foto que los muestra juntos en un centro comercial de Madrid, las versiones de ambos se habr\u00edan dado una segunda oportunidad comenzaron a cobrar fuerza.<\/p>\n\n\n\n<p>Finalmente, en el duelo entre Atl\u00e9tico de Madrid y Real Madrid por los octavos de final de la Champions League,&nbsp;la int\u00e9rprete de &#8220;Mi\u00e9nteme&#8221; fue vista en el palco que alentaba al conjunto dirigido por Diego Simeone y donde su \u00bfnuevamente novio? se desempe\u00f1a como mediocampista.<\/p>\n\n\n\n<p>As\u00ed lo comparti\u00f3 el periodista Juan Etchegoyen, al mismo tiempo que asegur\u00f3 haber adelantado anticipadamente que la cantante estaba en ese lugar.<\/p>\n","protected":false},"excerpt":{"rendered":"<p>La artista fue vista en un palco del Estadio Metropolitano, donde el Atl\u00e9tico de Madrid&#8230;<\/p>\n","protected":false},"author":1,"featured_media":1740,"comment_status":"open","ping_status":"open","sticky":false,"template":"","format":"standard","meta":[],"categories":[1],"tags":[],"_links":{"self":[{"href":"https:\/\/neanoticias.com\/index.php\/wp-json\/wp\/v2\/posts\/1739"}],"collection":[{"href":"https:\/\/neanoticias.com\/index.php\/wp-json\/wp\/v2\/posts"}],"about":[{"href":"https:\/\/neanoticias.com\/index.php\/wp-json\/wp\/v2\/types\/post"}],"author":[{"embeddable":true,"href":"https:\/\/neanoticias.com\/index.php\/wp-json\/wp\/v2\/users\/1"}],"replies":[{"embeddable":true,"href":"https:\/\/neanoticias.com\/index.php\/wp-json\/wp\/v2\/comments?post=1739"}],"version-history":[{"count":1,"href":"https:\/\/neanoticias.com\/index.php\/wp-json\/wp\/v2\/posts\/1739\/revisions"}],"predecessor-version":[{"id":1741,"href":"https:\/\/neanoticias.com\/index.php\/wp-json\/wp\/v2\/posts\/1739\/revisions\/1741"}],"wp:featuredmedia":[{"embeddable":true,"href":"https:\/\/neanoticias.com\/index.php\/wp-json\/wp\/v2\/media\/1740"}],"wp:attachment":[{"href":"https:\/\/neanoticias.com\/index.php\/wp-json\/wp\/v2\/media?parent=1739"}],"wp:term":[{"taxonomy":"category","embeddable":true,"href":"https:\/\/neanoticias.com\/index.php\/wp-json\/wp\/v2\/categories?post=1739"},{"taxonomy":"post_tag","embeddable":true,"href":"https:\/\/neanoticias.com\/index.php\/wp-json\/wp\/v2\/tags?post=1739"}],"curies":[{"name":"wp","href":"https:\/\/api.w.org\/{rel}","templated":true}]}}