{"id":1736,"date":"2025-03-24T02:37:06","date_gmt":"2025-03-24T02:37:06","guid":{"rendered":"https:\/\/neanoticias.com\/?p=1736"},"modified":"2025-03-24T02:37:08","modified_gmt":"2025-03-24T02:37:08","slug":"bullrich-anticipo-que-va-a-actuar-contra-la-jueza-que-libero-a-los-detenidos","status":"publish","type":"post","link":"https:\/\/neanoticias.com\/index.php\/2025\/03\/24\/bullrich-anticipo-que-va-a-actuar-contra-la-jueza-que-libero-a-los-detenidos\/","title":{"rendered":"BULLRICH ANTICIP\u00d3 QUE VA A &#8220;ACTUAR CONTRA LA JUEZA&#8221; QUE LIBER\u00d3 A LOS DETENIDOS"},"content":{"rendered":"\n<p>La ministra adelant\u00f3 la ofensiva del Poder Ejecutivo contra la magistrada, en lo que significar\u00eda una eventual intervenci\u00f3n al Poder Judicial.<a rel=\"noreferrer noopener\" href=\"https:\/\/www.facebook.com\/sharer.php?u=https%3A%2F%2Fwww.radiosudamericana.com%2Fnota%2Fpolitica%2F323791-Bullrich-anticipo-que-va-a-actuar-contra-la-jueza-que-libero-a-los-detenidos-.htm\" target=\"_blank\"><\/a><\/p>\n\n\n\n<p>Como se sabe, la jueza Karina Andrade, titular del Juzgado de Primera Instancia en lo Penal, Contravencional y de Faltas N\u00b015, orden\u00f3 este jueves la&nbsp;liberaci\u00f3n de las personas que hab\u00edan sido detenidas en la manifestaci\u00f3n realizada frente al Congreso,&nbsp;que se desarroll\u00f3 en el marco de un brutal represi\u00f3n.<\/p>\n\n\n\n<p>En su resoluci\u00f3n, la magistrada cuestion\u00f3 fuertemente el accionar de las fuerzas de seguridad que actuaron contra jubilados y manifestantes, fundamentando su decisi\u00f3n en que\u00a0los manifestantes ejercieron el &#8220;leg\u00edtimo derecho a la protesta&#8221;, consagrado en la Constituci\u00f3n Nacional.<\/p>\n\n\n\n<p>Por otro lado, marc\u00f3 irregularidades grav\u00edsimas en el accionar policial, al considerar que&nbsp;&#8220;no se brindaron detalles sobre el momento y lugar de las detenciones, ni por infracci\u00f3n a qu\u00e9 delitos ocurrieron, como as\u00ed tampoco el lugar en donde ser\u00edan alojados&#8221;.<\/p>\n\n\n\n<h2><strong>La ofensiva del Gobierno contra la jueza Karina Andrade<\/strong><\/h2>\n\n\n\n<p>Desde el Gobierno Nacional, obviamente, no le perdonan a la juez Karina Andrade la liberaci\u00f3n de los detenidos y muchos menos el&nbsp;desplante judicial a la pol\u00edtica de represi\u00f3n a la protesta social que la gesti\u00f3n libertaria ejecuta sistem\u00e1ticamente&nbsp;en el marco del plan de ajuste.<\/p>\n\n\n\n<p>Muchos menos Patricia Bullrich, que con tanto&nbsp;ah\u00ednco y esmero lleva adelante el proyecto de Estado policial ordenado por Javier Milei, para poner freno a todo tipo de oposici\u00f3n pol\u00edtica o social a su r\u00e9gimen anarcocapitalista.<\/p>\n\n\n\n<p>\u201cVamos a actuar en contra de esta jueza que ha decidido liberar a violentos que ayer quisieron desestabilizar a nuestro pa\u00eds y a nuestro gobierno\u201d, declar\u00f3 la ministra de Seguridad, sin precisar los alcances del verbo \u201cactuar\u201d que deja entrever una&nbsp;eventual intervenci\u00f3n al Poder Judicial o un ataque en regla contra la magistrada.&nbsp;<\/p>\n","protected":false},"excerpt":{"rendered":"<p>La ministra adelant\u00f3 la ofensiva del Poder Ejecutivo contra la magistrada, en lo que significar\u00eda&#8230;<\/p>\n","protected":false},"author":1,"featured_media":1737,"comment_status":"open","ping_status":"open","sticky":false,"template":"","format":"standard","meta":[],"categories":[1],"tags":[],"_links":{"self":[{"href":"https:\/\/neanoticias.com\/index.php\/wp-json\/wp\/v2\/posts\/1736"}],"collection":[{"href":"https:\/\/neanoticias.com\/index.php\/wp-json\/wp\/v2\/posts"}],"about":[{"href":"https:\/\/neanoticias.com\/index.php\/wp-json\/wp\/v2\/types\/post"}],"author":[{"embeddable":true,"href":"https:\/\/neanoticias.com\/index.php\/wp-json\/wp\/v2\/users\/1"}],"replies":[{"embeddable":true,"href":"https:\/\/neanoticias.com\/index.php\/wp-json\/wp\/v2\/comments?post=1736"}],"version-history":[{"count":1,"href":"https:\/\/neanoticias.com\/index.php\/wp-json\/wp\/v2\/posts\/1736\/revisions"}],"predecessor-version":[{"id":1738,"href":"https:\/\/neanoticias.com\/index.php\/wp-json\/wp\/v2\/posts\/1736\/revisions\/1738"}],"wp:featuredmedia":[{"embeddable":true,"href":"https:\/\/neanoticias.com\/index.php\/wp-json\/wp\/v2\/media\/1737"}],"wp:attachment":[{"href":"https:\/\/neanoticias.com\/index.php\/wp-json\/wp\/v2\/media?parent=1736"}],"wp:term":[{"taxonomy":"category","embeddable":true,"href":"https:\/\/neanoticias.com\/index.php\/wp-json\/wp\/v2\/categories?post=1736"},{"taxonomy":"post_tag","embeddable":true,"href":"https:\/\/neanoticias.com\/index.php\/wp-json\/wp\/v2\/tags?post=1736"}],"curies":[{"name":"wp","href":"https:\/\/api.w.org\/{rel}","templated":true}]}}