{"id":1727,"date":"2025-03-24T02:25:31","date_gmt":"2025-03-24T02:25:31","guid":{"rendered":"https:\/\/neanoticias.com\/?p=1727"},"modified":"2025-03-24T02:25:32","modified_gmt":"2025-03-24T02:25:32","slug":"rumores-de-pago-la-polemica-frase-de-l-gante","status":"publish","type":"post","link":"https:\/\/neanoticias.com\/index.php\/2025\/03\/24\/rumores-de-pago-la-polemica-frase-de-l-gante\/","title":{"rendered":"RUMORES DE PAGO: LA POL\u00c9MICA FRASE DE L-GANTE"},"content":{"rendered":"\n<p>El cantante arremeti\u00f3 contra el exmarido de Wanda Nara y se involucr\u00f3 en la \u00faltima pol\u00e9mica revelada por Yanina Latorre: \u00bfIcardi le paga a Eugenia?<a rel=\"noreferrer noopener\" href=\"https:\/\/www.facebook.com\/sharer.php?u=https%3A%2F%2Fwww.radiosudamericana.com%2Fnota%2Fespectaculos%2F323726-Rumores-de-pago--la-polemica-frase-de-L-Gante.htm\" target=\"_blank\"><\/a><\/p>\n\n\n\n<p>La reciente revelaci\u00f3n sobre&nbsp;la supuesta&nbsp;<strong>asignaci\u00f3n mensual que Mauro Icardi le dar\u00eda a la China Su\u00e1rez no tard\u00f3 en generar revuelo, y L-Gante decidi\u00f3 sumarse al debate con un comentario que r\u00e1pidamente capt\u00f3 la atenci\u00f3n.<\/strong>&nbsp;La pol\u00e9mica surgi\u00f3 luego de que Yanina Latorre afirmara en LAM que&nbsp;<strong>el futbolista le transferir\u00eda 15.000 euros al mes a la actriz para que mantuviera su nivel de vida.<\/strong><\/p>\n\n\n\n<p>Seg\u00fan la panelista, la informaci\u00f3n provendr\u00eda de una llamada del propio Icardi, quien habr\u00eda intentado abrir una cuenta a nombre de Su\u00e1rez para efectuar los dep\u00f3sitos. \u201cLe est\u00e1 dando, para que se maneje, una mensualidad de 15.000 euros\u201d, asegur\u00f3 Latorre, agregando que la actriz no podr\u00eda justificar formalmente el origen de ese dinero.<\/p>\n\n\n\n<p>Ante esta situaci\u00f3n, L-Gante se expres\u00f3 a trav\u00e9s de sus estados de Instagram con una frase que no pas\u00f3 desapercibida:&nbsp;<strong>\u201cPor lealtad yo no le pago\u201d<\/strong>. Con este escueto pero contundente mensaje, el cantante dej\u00f3 en claro su postura y&nbsp;<strong>aviv\u00f3 a\u00fan m\u00e1s la controversia<\/strong>. Su comentario fue detectado por&nbsp;<strong>Estefi Berardi, quien lo comparti\u00f3 en sus redes sociales, impulsando la conversaci\u00f3n en torno al tema.<\/strong><\/p>\n\n\n\n<p>Desde el inicio de su relaci\u00f3n,&nbsp;<strong>el v\u00ednculo entre Icardi y Su\u00e1rez ha sido objeto de especulaciones<\/strong>, especialmente por las versiones que sugieren que podr\u00eda existir un acuerdo econ\u00f3mico detr\u00e1s del romance. Rodrigo Lussich, en Socios del Espect\u00e1culo, plante\u00f3 la posibilidad de que&nbsp;<strong>el futbolista le hubiese ofrecido a la actriz una cifra cercana al mill\u00f3n de d\u00f3lares con la intenci\u00f3n de provocar celos en Wanda Nara.<\/strong><\/p>\n\n\n\n<p>Hasta el momento, ni Su\u00e1rez ni Icardi han confirmado o desmentido estas versiones, pero la supuesta mensualidad alimenta las sospechas de que su relaci\u00f3n podr\u00eda ir m\u00e1s all\u00e1 de lo sentimental.<\/p>\n\n\n\n<p>El tema no solo gener\u00f3 debate sobre la relaci\u00f3n en s\u00ed, sino tambi\u00e9n sobre los acuerdos financieros en el mundo del espect\u00e1culo. En LAM, \u00c1ngel de Brito lanz\u00f3 con iron\u00eda:&nbsp;<strong>\u201cBueno, para que tenga para moverse a su nivel tambi\u00e9n\u201d.<\/strong>&nbsp;Por su parte, Yanina Latorre fue m\u00e1s categ\u00f3rica en su an\u00e1lisis:&nbsp;<strong>\u201c\u00bfTe pon\u00e9s de novia y al mes el tipo te da 15.000 euros? Es todo un negocio. \u00bfD\u00f3nde qued\u00f3 el amor?\u201d<\/strong>.<\/p>\n\n\n\n<p>M\u00e1s all\u00e1 de la controversia, el contexto en el que se desarrolla esta relaci\u00f3n est\u00e1 marcado por un alto nivel de ostentaci\u00f3n. Seg\u00fan la misma fuente,&nbsp;<strong>Icardi ha costeado viajes en jets privados valuados en hasta 300.000 d\u00f3lares, adem\u00e1s de obsequiarle a Su\u00e1rez bolsos y accesorios de lujo.<\/strong>&nbsp;Recientemente, la actriz acompa\u00f1\u00f3 al jugador a Mil\u00e1n en un viaje que inclu\u00eda una audiencia por su divorcio con&nbsp;<strong>Wanda Nara<\/strong>, lo que fue interpretado por muchos como una confirmaci\u00f3n del lugar que ocupa en su vida.<\/p>\n\n\n\n<p>El comentario de&nbsp;<strong>L-Gante<\/strong>&nbsp;lleg\u00f3 en un momento clave, sum\u00e1ndose a la discusi\u00f3n y generando a\u00fan m\u00e1s repercusi\u00f3n en redes sociales. Su frase fue vista como&nbsp;<strong>una cr\u00edtica directa a la din\u00e1mica econ\u00f3mica del v\u00ednculo entre Su\u00e1rez e Icardi<\/strong>, dejando en claro que no comparte la idea de financiar la vida de una pareja. Aunque no brind\u00f3 m\u00e1s detalles ni profundiz\u00f3 en su postura,&nbsp;<strong>su declaraci\u00f3n fue suficiente para instalar su nombre en la conversaci\u00f3n y alimentar el debate en torno a este esc\u00e1ndalo medi\u00e1tico.<\/strong><\/p>\n","protected":false},"excerpt":{"rendered":"<p>El cantante arremeti\u00f3 contra el exmarido de Wanda Nara y se involucr\u00f3 en la \u00faltima&#8230;<\/p>\n","protected":false},"author":1,"featured_media":1728,"comment_status":"open","ping_status":"open","sticky":false,"template":"","format":"standard","meta":[],"categories":[1],"tags":[],"_links":{"self":[{"href":"https:\/\/neanoticias.com\/index.php\/wp-json\/wp\/v2\/posts\/1727"}],"collection":[{"href":"https:\/\/neanoticias.com\/index.php\/wp-json\/wp\/v2\/posts"}],"about":[{"href":"https:\/\/neanoticias.com\/index.php\/wp-json\/wp\/v2\/types\/post"}],"author":[{"embeddable":true,"href":"https:\/\/neanoticias.com\/index.php\/wp-json\/wp\/v2\/users\/1"}],"replies":[{"embeddable":true,"href":"https:\/\/neanoticias.com\/index.php\/wp-json\/wp\/v2\/comments?post=1727"}],"version-history":[{"count":1,"href":"https:\/\/neanoticias.com\/index.php\/wp-json\/wp\/v2\/posts\/1727\/revisions"}],"predecessor-version":[{"id":1729,"href":"https:\/\/neanoticias.com\/index.php\/wp-json\/wp\/v2\/posts\/1727\/revisions\/1729"}],"wp:featuredmedia":[{"embeddable":true,"href":"https:\/\/neanoticias.com\/index.php\/wp-json\/wp\/v2\/media\/1728"}],"wp:attachment":[{"href":"https:\/\/neanoticias.com\/index.php\/wp-json\/wp\/v2\/media?parent=1727"}],"wp:term":[{"taxonomy":"category","embeddable":true,"href":"https:\/\/neanoticias.com\/index.php\/wp-json\/wp\/v2\/categories?post=1727"},{"taxonomy":"post_tag","embeddable":true,"href":"https:\/\/neanoticias.com\/index.php\/wp-json\/wp\/v2\/tags?post=1727"}],"curies":[{"name":"wp","href":"https:\/\/api.w.org\/{rel}","templated":true}]}}