{"id":1724,"date":"2025-03-24T02:20:57","date_gmt":"2025-03-24T02:20:57","guid":{"rendered":"https:\/\/neanoticias.com\/?p=1724"},"modified":"2025-03-24T02:20:58","modified_gmt":"2025-03-24T02:20:58","slug":"mesa-paritaria-avanza-el-dialogo-pormejoras-para-los-trabajadores-municipales","status":"publish","type":"post","link":"https:\/\/neanoticias.com\/index.php\/2025\/03\/24\/mesa-paritaria-avanza-el-dialogo-pormejoras-para-los-trabajadores-municipales\/","title":{"rendered":"MESA PARITARIA: AVANZA EL DI\u00c1LOGO POR<br>MEJORAS PARA LOS TRABAJADORES MUNICIPALES"},"content":{"rendered":"\n<p><em>Se concret\u00f3 un nuevo en encuentro entre los representantes de la Asociaci\u00f3n de Obreros y Empleados Municipales (AOEM), el Ejecutivo y el Concejo Deliberante. Avanzan las deliberaciones para definir una recomposici\u00f3n salarial y mejoras laborales. Se acord\u00f3 un nuevo cuarto intermedio hasta el viernes.<\/em><\/p>\n\n\n\n<p>Como estaba previsto, se llev\u00f3 a cabo hoy la segunda reuni\u00f3n de la Comisi\u00f3n Paritaria Permanente municipal con la participaci\u00f3n de funcionarios del Departamento Ejecutivo, miembros del Concejo Deliberante capitalino y representantes de la Asociaci\u00f3n de Obreros y Empleados Municipales (AOEM). Avanzan las negociaciones para terminar de resolver mejoras integrales para los trabajadores, que incluyan lo salarial y lo laboral. Volver\u00e1n a dialogar en los pr\u00f3ximos d\u00edas.<br>&nbsp;<br>El encuentro se concret\u00f3 en el sal\u00f3n de acuerdos del Concejo Deliberante, y durante el mismo se analizaron alternativas considerando el petitorio presentado por el gremio y la evaluaci\u00f3n realizada por los equipos t\u00e9cnicos de la Municipalidad.<br>&nbsp;<br>Se defini\u00f3 un nuevo cuarto intermedio para terminar de analizar en detalle lo expuesto por las partes y acercarse a un posible acuerdo. El pr\u00f3ximo encuentro ser\u00e1 el viernes a las 13h.<br>&nbsp;<br>La Mesa Paritaria fue encabezada por el secretario de Coordinaci\u00f3n de Gobierno, Hugo Calvano y el secretario de Hacienda, Guillermo Corrales, adem\u00e1s de los subsecretarios de Hacienda, Fernando Cunha; Modernizaci\u00f3n, Cruz Sivero; Relaciones Laborales y Gesti\u00f3n del Agente Municipal, Leticia Radke; mientras que por el Concejo Deliberante estuvo representado por las concejalas Gabriela Gauna, Cecilia Ojeda y la secretaria del HCD, Marta Ramchanko.<br>&nbsp;<br>Por su parte, por la AOEM participaron del encuentro el secretario general, Rodolfo Medina; el secretario gremial Walter G\u00f3mez; el secretario de Finanzas Carlos Meza; el secretario Administrativo y de Actas Miguel Vanderland; el secretario de Cultura y Capacitaci\u00f3n, Cristian S\u00e1nchez; y la vocal M\u00f3nica Rivarola.<\/p>\n","protected":false},"excerpt":{"rendered":"<p>Se concret\u00f3 un nuevo en encuentro entre los representantes de la Asociaci\u00f3n de Obreros y&#8230;<\/p>\n","protected":false},"author":1,"featured_media":1725,"comment_status":"open","ping_status":"open","sticky":false,"template":"","format":"standard","meta":[],"categories":[1],"tags":[],"_links":{"self":[{"href":"https:\/\/neanoticias.com\/index.php\/wp-json\/wp\/v2\/posts\/1724"}],"collection":[{"href":"https:\/\/neanoticias.com\/index.php\/wp-json\/wp\/v2\/posts"}],"about":[{"href":"https:\/\/neanoticias.com\/index.php\/wp-json\/wp\/v2\/types\/post"}],"author":[{"embeddable":true,"href":"https:\/\/neanoticias.com\/index.php\/wp-json\/wp\/v2\/users\/1"}],"replies":[{"embeddable":true,"href":"https:\/\/neanoticias.com\/index.php\/wp-json\/wp\/v2\/comments?post=1724"}],"version-history":[{"count":1,"href":"https:\/\/neanoticias.com\/index.php\/wp-json\/wp\/v2\/posts\/1724\/revisions"}],"predecessor-version":[{"id":1726,"href":"https:\/\/neanoticias.com\/index.php\/wp-json\/wp\/v2\/posts\/1724\/revisions\/1726"}],"wp:featuredmedia":[{"embeddable":true,"href":"https:\/\/neanoticias.com\/index.php\/wp-json\/wp\/v2\/media\/1725"}],"wp:attachment":[{"href":"https:\/\/neanoticias.com\/index.php\/wp-json\/wp\/v2\/media?parent=1724"}],"wp:term":[{"taxonomy":"category","embeddable":true,"href":"https:\/\/neanoticias.com\/index.php\/wp-json\/wp\/v2\/categories?post=1724"},{"taxonomy":"post_tag","embeddable":true,"href":"https:\/\/neanoticias.com\/index.php\/wp-json\/wp\/v2\/tags?post=1724"}],"curies":[{"name":"wp","href":"https:\/\/api.w.org\/{rel}","templated":true}]}}