{"id":172,"date":"2022-09-14T15:08:09","date_gmt":"2022-09-14T15:08:09","guid":{"rendered":"https:\/\/neanoticias.com\/?p=172"},"modified":"2022-09-14T15:08:10","modified_gmt":"2022-09-14T15:08:10","slug":"policia-de-franco-recupero-moto-que-fue-robada-en-supermercado","status":"publish","type":"post","link":"https:\/\/neanoticias.com\/index.php\/2022\/09\/14\/policia-de-franco-recupero-moto-que-fue-robada-en-supermercado\/","title":{"rendered":"POLIC\u00cdA DE FRANCO RECUPER\u00d3 MOTO QUE FUE ROBADA EN SUPERMERCADO"},"content":{"rendered":"\n<p>En la tarde del martes un polic\u00eda que se encontraba de franco recupero una moto que fue robada en el predio de un supermercado\u00a0 ubicado sobre Av. Maip\u00fa y Los C\u00f3ndores. El conductor del rodado quien ten\u00eda similitudes con el autor del robo fue detenido.<\/p>\n\n\n\n<figure class=\"wp-block-image size-full\"><img loading=\"lazy\" width=\"700\" height=\"525\" src=\"https:\/\/neanoticias.com\/wp-content\/uploads\/2022\/09\/327922.jpg_nota.jpg\" alt=\"\" class=\"wp-image-173\" srcset=\"https:\/\/neanoticias.com\/wp-content\/uploads\/2022\/09\/327922.jpg_nota.jpg 700w, https:\/\/neanoticias.com\/wp-content\/uploads\/2022\/09\/327922.jpg_nota-300x225.jpg 300w\" sizes=\"(max-width: 700px) 100vw, 700px\" \/><\/figure>\n\n\n\n<p>Cerca de las 19 horas del martes el Sargento 1ro de Polic\u00eda Osvaldo Leiva, con prestaci\u00f3n de servicio en esta Divisi\u00f3n Antiarrebatos, se encontraba de franco de servicio que circulaba por la intersecci\u00f3n de las calles Tacuar\u00ed y Berazategui observ\u00f3 a un hombre a bordo de una motocicleta con la mismas caracter\u00edsticas de un rodado que hab\u00eda sido denunciado.<\/p>\n\n\n\n<p>La moto la sustrajeron del predio de un supermercado\u00a0ubicado sobre Av. Maip\u00fa y Los C\u00f3ndores. El conductor del rodado tambi\u00e9n ten\u00eda similitudes cabo el hombre que aparec\u00eda en los videos de seguridad del comercio llev\u00e1ndose la motocicleta.<\/p>\n\n\n\n<p>El detenido quien fue trasladado a la Comisaria Vig\u00e9simo Primera, fue identificado como B Gonz\u00e1lez de 22 a\u00f1os, domiciliado en calle Nicaragua 3841 y Managua de esta ciudad.<\/p>\n","protected":false},"excerpt":{"rendered":"<p>En la tarde del martes un polic\u00eda que se encontraba de franco recupero una moto&#8230;<\/p>\n","protected":false},"author":1,"featured_media":173,"comment_status":"open","ping_status":"open","sticky":false,"template":"","format":"standard","meta":[],"categories":[1],"tags":[],"_links":{"self":[{"href":"https:\/\/neanoticias.com\/index.php\/wp-json\/wp\/v2\/posts\/172"}],"collection":[{"href":"https:\/\/neanoticias.com\/index.php\/wp-json\/wp\/v2\/posts"}],"about":[{"href":"https:\/\/neanoticias.com\/index.php\/wp-json\/wp\/v2\/types\/post"}],"author":[{"embeddable":true,"href":"https:\/\/neanoticias.com\/index.php\/wp-json\/wp\/v2\/users\/1"}],"replies":[{"embeddable":true,"href":"https:\/\/neanoticias.com\/index.php\/wp-json\/wp\/v2\/comments?post=172"}],"version-history":[{"count":1,"href":"https:\/\/neanoticias.com\/index.php\/wp-json\/wp\/v2\/posts\/172\/revisions"}],"predecessor-version":[{"id":174,"href":"https:\/\/neanoticias.com\/index.php\/wp-json\/wp\/v2\/posts\/172\/revisions\/174"}],"wp:featuredmedia":[{"embeddable":true,"href":"https:\/\/neanoticias.com\/index.php\/wp-json\/wp\/v2\/media\/173"}],"wp:attachment":[{"href":"https:\/\/neanoticias.com\/index.php\/wp-json\/wp\/v2\/media?parent=172"}],"wp:term":[{"taxonomy":"category","embeddable":true,"href":"https:\/\/neanoticias.com\/index.php\/wp-json\/wp\/v2\/categories?post=172"},{"taxonomy":"post_tag","embeddable":true,"href":"https:\/\/neanoticias.com\/index.php\/wp-json\/wp\/v2\/tags?post=172"}],"curies":[{"name":"wp","href":"https:\/\/api.w.org\/{rel}","templated":true}]}}