{"id":1712,"date":"2025-03-24T02:13:33","date_gmt":"2025-03-24T02:13:33","guid":{"rendered":"https:\/\/neanoticias.com\/?p=1712"},"modified":"2025-03-24T02:13:35","modified_gmt":"2025-03-24T02:13:35","slug":"polemica-en-gh-por-el-supuesto-acoso-de-luciana-a-bati","status":"publish","type":"post","link":"https:\/\/neanoticias.com\/index.php\/2025\/03\/24\/polemica-en-gh-por-el-supuesto-acoso-de-luciana-a-bati\/","title":{"rendered":"POL\u00c9MICA EN GH POR EL SUPUESTO ACOSO DE LUCIANA A BATI"},"content":{"rendered":"\n<p>El participante se mostr\u00f3 muy inc\u00f3modo por algunas actitudes que tuvo su compa\u00f1era y gener\u00f3 un gran debate.<a rel=\"noreferrer noopener\" href=\"https:\/\/www.facebook.com\/sharer.php?u=https%3A%2F%2Fwww.radiosudamericana.com%2Fnota%2Fespectaculos%2F323733-Polemica-en-GH-por-el-supuesto-acoso-de-Luciana-a-Bati.htm\" target=\"_blank\"><\/a><\/p>\n\n\n\n<p>En las \u00faltimas horas, se desat\u00f3 una nueva pol\u00e9mica en&nbsp;Gran Hermano. Es que Santiago Lavirrey, m\u00e1s conocido como&nbsp;<strong>Bati<\/strong>, confes\u00f3 que se&nbsp;siente inc\u00f3modo por algunas actitudes y comentarios que hace&nbsp;<strong>Luciana<\/strong>.<\/p>\n\n\n\n<p>En una charla con Marcelo, Chiara y Ulises, el contador p\u00fablico cont\u00f3 que ya fueron varias veces que le pidi\u00f3 a su compa\u00f1era que&nbsp;deje de hacer estas cosas pero que no le hace caso.<\/p>\n\n\n\n<p>\u201cNo s\u00e9 c\u00f3mo decirle basta. No es que me haga cringe.\u00a0<strong>Ya me incomoda<\/strong>\u201d,\u00a0explic\u00f3 con tono de preocupaci\u00f3n, mientras charlaba en una de las habitaciones.<\/p>\n\n\n\n<p><strong>\u201cSi yo la freno, la corro, lo puede llevar para cualquier lado. Si tergiversa una conversaci\u00f3n pelotu.. como si alguien se rob\u00f3 un queso\u201d<\/strong>, argument\u00f3.<\/p>\n\n\n\n<p>&#8220;Ya el otro d\u00eda le dije.&nbsp;<strong>Hasta me incomoda. Es constante, estoy caminando, viene y me apoya.<\/strong>&nbsp;Yo lo llevo para el lado del chiste como: mam\u00e1, me est\u00e1 molestando. Como diciendo cortala&#8221;, continu\u00f3 expresando su incomodidad con las actitudes de Luciana.<\/p>\n\n\n\n<p>Y cerr\u00f3 firme preocupado sobre este conflicto en la convivencia: &#8220;Ya se lo dije una vez, se lo dije en la fiesta, ac\u00e1 en la cama que se me vino a acostar.&nbsp;<strong>Ya un toque me cansa&#8221;<\/strong>.<\/p>\n","protected":false},"excerpt":{"rendered":"<p>El participante se mostr\u00f3 muy inc\u00f3modo por algunas actitudes que tuvo su compa\u00f1era y gener\u00f3&#8230;<\/p>\n","protected":false},"author":1,"featured_media":1713,"comment_status":"open","ping_status":"open","sticky":false,"template":"","format":"standard","meta":[],"categories":[1],"tags":[],"_links":{"self":[{"href":"https:\/\/neanoticias.com\/index.php\/wp-json\/wp\/v2\/posts\/1712"}],"collection":[{"href":"https:\/\/neanoticias.com\/index.php\/wp-json\/wp\/v2\/posts"}],"about":[{"href":"https:\/\/neanoticias.com\/index.php\/wp-json\/wp\/v2\/types\/post"}],"author":[{"embeddable":true,"href":"https:\/\/neanoticias.com\/index.php\/wp-json\/wp\/v2\/users\/1"}],"replies":[{"embeddable":true,"href":"https:\/\/neanoticias.com\/index.php\/wp-json\/wp\/v2\/comments?post=1712"}],"version-history":[{"count":1,"href":"https:\/\/neanoticias.com\/index.php\/wp-json\/wp\/v2\/posts\/1712\/revisions"}],"predecessor-version":[{"id":1714,"href":"https:\/\/neanoticias.com\/index.php\/wp-json\/wp\/v2\/posts\/1712\/revisions\/1714"}],"wp:featuredmedia":[{"embeddable":true,"href":"https:\/\/neanoticias.com\/index.php\/wp-json\/wp\/v2\/media\/1713"}],"wp:attachment":[{"href":"https:\/\/neanoticias.com\/index.php\/wp-json\/wp\/v2\/media?parent=1712"}],"wp:term":[{"taxonomy":"category","embeddable":true,"href":"https:\/\/neanoticias.com\/index.php\/wp-json\/wp\/v2\/categories?post=1712"},{"taxonomy":"post_tag","embeddable":true,"href":"https:\/\/neanoticias.com\/index.php\/wp-json\/wp\/v2\/tags?post=1712"}],"curies":[{"name":"wp","href":"https:\/\/api.w.org\/{rel}","templated":true}]}}