{"id":1708,"date":"2025-03-24T02:11:14","date_gmt":"2025-03-24T02:11:14","guid":{"rendered":"https:\/\/neanoticias.com\/?p=1708"},"modified":"2025-03-24T02:11:15","modified_gmt":"2025-03-24T02:11:15","slug":"imputacion-contra-capitanich-el-no-podia-desconocer-estos-actos","status":"publish","type":"post","link":"https:\/\/neanoticias.com\/index.php\/2025\/03\/24\/imputacion-contra-capitanich-el-no-podia-desconocer-estos-actos\/","title":{"rendered":"IMPUTACI\u00d3N CONTRA CAPITANICH: &#8220;\u00c9L NO POD\u00cdA DESCONOCER ESTOS ACTOS&#8221;"},"content":{"rendered":"\n<p>El fiscal federal Carlos Amad dialog\u00f3 en exclusiva con Canal 5TV acerca de la imputaci\u00f3n sobre el ex gobernador de Chaco Jorge Milton Capitanich y ex funcionarios de su gobierno. Se presume que durante su gesti\u00f3n hubo irregularidades en la gesti\u00f3n de tierras fiscales y se realizaron &#8220;actos jur\u00eddicos administrativos irregulares&#8221;.<\/p>\n\n\n\n<p>El fiscal federal Carlos Amad confirm\u00f3 a Canal 5TV&nbsp;la acusaci\u00f3n contra el exgobernador chaque\u00f1o&nbsp;Jorge Milton Capitanich, quien fue acusado este mi\u00e9rcoles por fraude y lavado de activos en el marco de la causa que investiga<strong>&nbsp;la adjudicaci\u00f3n irregular de tierras fiscales en la provincia.<\/strong><\/p>\n\n\n\n<p>La investigaci\u00f3n, que lleva cerca de un a\u00f1o, surgi\u00f3 a partir de una denuncia realizada por la expresidenta de Colonizaci\u00f3n, quien alert\u00f3 sobre maniobras il\u00edcitas en la entrega de terrenos estatales. &#8220;Pudimos comprobar las irregularidades en la entrega de esos campos&#8221;, asegur\u00f3 el funcionario.&nbsp;<\/p>\n\n\n\n<p>Adem\u00e1s, explic\u00f3 que la&nbsp;denuncia inicial se\u00f1alaba que&nbsp;<strong>&#8220;hab\u00eda tierras entregadas de manera irregular, con actos jur\u00eddicos y administrativos ilegales&#8221;.&nbsp;<\/strong>A partir de ello, la Fiscal\u00eda pudo comprobar que las adjudicaciones beneficiaron a personas vinculadas a exfuncionarios del gobierno provincial.<\/p>\n\n\n\n<p>Seg\u00fan detall\u00f3 Amad, las tierras fueron otorgadas a &#8220;socios del esposo de la entonces ministra de Desarrollo Territorial y Ambiente, Marta Soneira&#8221;, y a su vez, &#8220;estos beneficiarios ten\u00edan relaciones comerciales con familiares de la misma funcionaria&#8221;.<\/p>\n\n\n\n<p>Adem\u00e1s, el fiscal revel\u00f3 que se cre\u00f3 una fundaci\u00f3n denominada Agencia de Cooperaci\u00f3n Estrat\u00e9gica Rural, impulsada por Soneira, a trav\u00e9s de la cual se canalizaron fondos p\u00fablicos sin control alguno.&nbsp;&#8220;Esta fundaci\u00f3n le ofrec\u00eda al gobierno servicios que deb\u00edan ser prestados por funcionarios p\u00fablicos&#8221;, sostuvo Amad. Y se\u00f1al\u00f3: &#8220;Obtuvieron mucho dinero, se fondearon e hicieron adquisi\u00f3n esp\u00farea&#8221; del patrimonio de los chaque\u00f1os.<\/p>\n\n\n\n<p>Sobre la imputaci\u00f3n directa a Capitanich, el fiscal se\u00f1al\u00f3 que&nbsp;el exgobernador &#8220;no pod\u00eda desconocer de ning\u00fan modo lo que ocurr\u00eda&#8221;, ya que exist\u00edan actos administrativos publicados en el Bolet\u00edn Oficial que avalaban estas maniobras.&nbsp;<strong>&#8220;Hay resoluciones firmadas por \u00e9l y por la ministra, donde ella misma se autoriza a disponer de las tierras sin intervenci\u00f3n de un tercer ministro o del jefe de gabinete&#8221;,<\/strong>&nbsp;puntualiz\u00f3 Amad.<\/p>\n\n\n\n<p>Adem\u00e1s, el esquema de fraude incluy\u00f3 beneficios fiscales y subsidios otorgados a empresas involucradas en el lavado de dinero.\u00a0&#8220;Firmas comerciales vinculadas a los responsables de esta maniobra recibieron exenciones de hasta el 30% en impuestos, as\u00ed como descuentos en el pago de electricidad y agua&#8221;, detall\u00f3 el fiscal.<\/p>\n\n\n\n<p>Entre los empresarios involucrados, Amad mencion\u00f3 a Mauricio Cian, esposo de Marta Soneira, as\u00ed como a Poch\u00f3n, Estorti y Bessone, este \u00faltimo socio de un hermano de la exministra. Tambi\u00e9n figuran en la investigaci\u00f3n empresas como Grupo Pampa, \u00c1rea Aeronorte y Fideicomiso, que&nbsp;<strong>habr\u00edan recibido tierras de manera irregular.<\/strong><\/p>\n","protected":false},"excerpt":{"rendered":"<p>El fiscal federal Carlos Amad dialog\u00f3 en exclusiva con Canal 5TV acerca de la imputaci\u00f3n&#8230;<\/p>\n","protected":false},"author":1,"featured_media":1710,"comment_status":"open","ping_status":"open","sticky":false,"template":"","format":"standard","meta":[],"categories":[1],"tags":[],"_links":{"self":[{"href":"https:\/\/neanoticias.com\/index.php\/wp-json\/wp\/v2\/posts\/1708"}],"collection":[{"href":"https:\/\/neanoticias.com\/index.php\/wp-json\/wp\/v2\/posts"}],"about":[{"href":"https:\/\/neanoticias.com\/index.php\/wp-json\/wp\/v2\/types\/post"}],"author":[{"embeddable":true,"href":"https:\/\/neanoticias.com\/index.php\/wp-json\/wp\/v2\/users\/1"}],"replies":[{"embeddable":true,"href":"https:\/\/neanoticias.com\/index.php\/wp-json\/wp\/v2\/comments?post=1708"}],"version-history":[{"count":1,"href":"https:\/\/neanoticias.com\/index.php\/wp-json\/wp\/v2\/posts\/1708\/revisions"}],"predecessor-version":[{"id":1711,"href":"https:\/\/neanoticias.com\/index.php\/wp-json\/wp\/v2\/posts\/1708\/revisions\/1711"}],"wp:featuredmedia":[{"embeddable":true,"href":"https:\/\/neanoticias.com\/index.php\/wp-json\/wp\/v2\/media\/1710"}],"wp:attachment":[{"href":"https:\/\/neanoticias.com\/index.php\/wp-json\/wp\/v2\/media?parent=1708"}],"wp:term":[{"taxonomy":"category","embeddable":true,"href":"https:\/\/neanoticias.com\/index.php\/wp-json\/wp\/v2\/categories?post=1708"},{"taxonomy":"post_tag","embeddable":true,"href":"https:\/\/neanoticias.com\/index.php\/wp-json\/wp\/v2\/tags?post=1708"}],"curies":[{"name":"wp","href":"https:\/\/api.w.org\/{rel}","templated":true}]}}