{"id":17,"date":"2022-08-22T23:05:15","date_gmt":"2022-08-22T23:05:15","guid":{"rendered":"https:\/\/neanoticias.com\/?p=17"},"modified":"2022-08-22T23:05:56","modified_gmt":"2022-08-22T23:05:56","slug":"el-nea-tendra-la-primera-carrera-publica-de-psicologia-desde-el-ano-proximo","status":"publish","type":"post","link":"https:\/\/neanoticias.com\/index.php\/2022\/08\/22\/el-nea-tendra-la-primera-carrera-publica-de-psicologia-desde-el-ano-proximo\/","title":{"rendered":"El NEA tendr\u00e1 la primera carrera p\u00fablica de Psicolog\u00eda desde el a\u00f1o pr\u00f3ximo"},"content":{"rendered":"\n<p>Esto lo inform\u00f3 el psic\u00f3logo Juan Carlos Meizner &nbsp;en contacto con el programa &#8220;Juntos con Rub\u00e9n Duarte&#8221;, donde abord\u00f3 la problem\u00e1tica de&nbsp; acceder a la carrera de &nbsp;Psicolog\u00eda en la educaci\u00f3n universitaria &#8220;hoy limitada a lo privado, raz\u00f3n m\u00e1s a\u00fan por lo que debe considerarse como hist\u00f3rica esta propuesta que desde el proximo a\u00f1o habr\u00e1 en el NEA&#8221;.<\/p>\n\n\n\n<figure class=\"wp-block-image size-full\"><img loading=\"lazy\" width=\"850\" height=\"540\" src=\"https:\/\/neanoticias.com\/wp-content\/uploads\/2022\/08\/image-1.png\" alt=\"\" class=\"wp-image-18\" srcset=\"https:\/\/neanoticias.com\/wp-content\/uploads\/2022\/08\/image-1.png 850w, https:\/\/neanoticias.com\/wp-content\/uploads\/2022\/08\/image-1-300x191.png 300w, https:\/\/neanoticias.com\/wp-content\/uploads\/2022\/08\/image-1-768x488.png 768w\" sizes=\"(max-width: 850px) 100vw, 850px\" \/><\/figure>\n\n\n\n<p>Explic\u00f3 que &#8220;hoy solo un min\u00fasculo &nbsp;grupo de j\u00f3venes puede estudiar psicolog\u00eda en el &nbsp;NEA, dado es una carrera que est\u00e1 limitada a la educaci\u00f3n privada y sus cuotas son similares a un sueldo m\u00ednimo &nbsp;lo que &nbsp;hace que &nbsp;afrontara sea casi imposible para una gran mayor\u00eda&#8221;.<\/p>\n\n\n\n<p>&nbsp;Enfatiz\u00f3 que &#8220;esto est\u00e1 por cambiar &nbsp;porque &nbsp;desde el a\u00f1o pr\u00f3ximo se podr\u00e1 estudiar &nbsp;Psicolog\u00eda en &nbsp;el NEA a trav\u00e9s de la oferta p\u00fablica, la Universidad Nacional del Chaco Austral (UNCAUS) y ese alrededor del 80% de j\u00f3venes que no pod\u00eda acceder a esta carrera lo podr\u00e1 libremente hacer. Eesto es muy bueno &nbsp;y fue el resultado de una grupo de psic\u00f3logos y psic\u00f3logas que trabajos para que esta carrera se dicte del S\u00e1enz Pe\u00f1a&#8221;.<\/p>\n\n\n\n<p>Meizner destac\u00f3 que &#8220;la &nbsp;Universidad decidi\u00f3 emprender en pos de la inclusi\u00f3n y democratizaci\u00f3n en acceso a una de las carreras de mayor demanda en la provincia de Chaco, e inexistente en el \u00e1mbito p\u00fablico de la Regi\u00f3n NEA, constituyendo de esta manera un hecho hist\u00f3rico y de gran envergadura para la regi\u00f3n&#8221;.<\/p>\n\n\n\n<p>&nbsp; LICENCIATURA EN PSICOLOG\u00cdA<\/p>\n\n\n\n<p>El titulo de grado es de: Licenciada\/o en Psicolog\u00eda y tiene una duraci\u00f3n: 5 a\u00f1os con modalidad presencial<br>La Preinscripci\u00f3n en inscripci\u00f3n 2023 ser\u00e1 en &nbsp;Noviembre 2022.<\/p>\n\n\n\n<p>Contacto:&nbsp;recepcionacademica@uncaus.edu.ar<\/p>\n","protected":false},"excerpt":{"rendered":"<p>Esto lo inform\u00f3 el psic\u00f3logo Juan Carlos Meizner  en contacto con el programa &#8220;Juntos con Rub\u00e9n Duarte&#8221;, donde abord\u00f3 la problem\u00e1tica de  acceder a la carrera de  Psicolog\u00eda en la educaci\u00f3n universitaria &#8220;hoy limitada a lo privado, raz\u00f3n m\u00e1s a\u00fan por lo que debe considerarse como hist\u00f3rica esta propuesta que desde el proximo a\u00f1o habr\u00e1 en el NEA&#8221;.<\/p>\n","protected":false},"author":1,"featured_media":18,"comment_status":"open","ping_status":"open","sticky":false,"template":"","format":"standard","meta":[],"categories":[3],"tags":[],"_links":{"self":[{"href":"https:\/\/neanoticias.com\/index.php\/wp-json\/wp\/v2\/posts\/17"}],"collection":[{"href":"https:\/\/neanoticias.com\/index.php\/wp-json\/wp\/v2\/posts"}],"about":[{"href":"https:\/\/neanoticias.com\/index.php\/wp-json\/wp\/v2\/types\/post"}],"author":[{"embeddable":true,"href":"https:\/\/neanoticias.com\/index.php\/wp-json\/wp\/v2\/users\/1"}],"replies":[{"embeddable":true,"href":"https:\/\/neanoticias.com\/index.php\/wp-json\/wp\/v2\/comments?post=17"}],"version-history":[{"count":2,"href":"https:\/\/neanoticias.com\/index.php\/wp-json\/wp\/v2\/posts\/17\/revisions"}],"predecessor-version":[{"id":20,"href":"https:\/\/neanoticias.com\/index.php\/wp-json\/wp\/v2\/posts\/17\/revisions\/20"}],"wp:featuredmedia":[{"embeddable":true,"href":"https:\/\/neanoticias.com\/index.php\/wp-json\/wp\/v2\/media\/18"}],"wp:attachment":[{"href":"https:\/\/neanoticias.com\/index.php\/wp-json\/wp\/v2\/media?parent=17"}],"wp:term":[{"taxonomy":"category","embeddable":true,"href":"https:\/\/neanoticias.com\/index.php\/wp-json\/wp\/v2\/categories?post=17"},{"taxonomy":"post_tag","embeddable":true,"href":"https:\/\/neanoticias.com\/index.php\/wp-json\/wp\/v2\/tags?post=17"}],"curies":[{"name":"wp","href":"https:\/\/api.w.org\/{rel}","templated":true}]}}