{"id":1698,"date":"2025-02-20T11:53:33","date_gmt":"2025-02-20T11:53:33","guid":{"rendered":"https:\/\/neanoticias.com\/?p=1698"},"modified":"2025-02-20T11:53:34","modified_gmt":"2025-02-20T11:53:34","slug":"provincia-realizo-una-jornada-de-concientizacion-sobre-el-juego-responsable","status":"publish","type":"post","link":"https:\/\/neanoticias.com\/index.php\/2025\/02\/20\/provincia-realizo-una-jornada-de-concientizacion-sobre-el-juego-responsable\/","title":{"rendered":"PROVINCIA REALIZ\u00d3 UNA JORNADA DE CONCIENTIZACI\u00d3N SOBRE EL JUEGO RESPONSABLE"},"content":{"rendered":"\n<p>El Gobierno provincial, junto a Loter\u00eda Correntina, el Banco de Corrientes y la Universidad Nacional del Nordeste (UNNE), entre otras instituciones, llev\u00f3 adelante este mi\u00e9rcoles una jornada de concientizaci\u00f3n sobre el Juego Responsable, que tuvo lugar en la Terraza 1 de la playa Arazaty de esta Capital. Se realiz\u00f3 en el marco del D\u00eda Internacional del Juego Responsable que fue este lunes 17 de febrero, con la intenci\u00f3n de fomentar el juego desde una perspectiva divertida y que no se convierta en un problema.<\/p>\n\n\n\n<p>En representaci\u00f3n de Loter\u00eda Correntina, una de las integrantes del \u00e1rea de Juego Responsable, Daniela Bruzuela, relat\u00f3 que \u201cnosotros al igual que otras instituciones del Gobierno provincial, estamos participando mancomunadamente para concientizar y propender a lo que es el Juego Responsable\u201d. Explic\u00f3 que \u201ccuando hablamos de esto, nos encontramos con la novedad de que muchas personas no est\u00e1n naturalizadas con lo que significa, y por eso desde el \u00e1rea estamos trabajando en la b\u00fasqueda de fomentar el juego de manera divertida, que no se convierta en un problema\u201d.<\/p>\n\n\n\n<p>Asimismo, continu\u00f3: \u201cSe convierte en un problema cunando genera problemas econ\u00f3micos, vinculares con el entorno, cuando imposibilita desarrollar nuestras actividades cotidianas, y es ah\u00ed que debemos empezar a hablar de juego problem\u00e1tico, muchas veces derivando en lo que se conoce como juego patol\u00f3gico, que lleva consecuencias muy lamentables para lo que es la sociedad\u201d. Entonces, la idea \u201ces incentivar estos espacios integrales, porque consideramos que es una situaci\u00f3n que involucra a todos y ver qu\u00e9 alternativas tenemos para poder hacer frente a dicha situaci\u00f3n\u201d, agreg\u00f3.<\/p>\n\n\n\n<h2><strong>\u201cLa idea es replicar en toda la Provincia\u201d<\/strong><\/h2>\n\n\n\n<p>Por su parte, la directora de Juventud, dependiente del Ministerio de Desarrollo Social de la Provincia, Clara Gortari, cont\u00f3 que se trata de \u201cuna actividad de concientizaci\u00f3n que estaba previsto realizarse el 17 de febrero, D\u00eda Internacional del Juego Responsable, pero por cuestiones clim\u00e1ticas la tuvimos que posponer para hoy (por este mi\u00e9rcoles)\u201d. Expres\u00f3 estar \u201cmuy contenta de como las instituciones quisieron acompa\u00f1ar esta iniciativa\u201d, como el Banco de Corrientes, Loter\u00eda Correntina, por el Ministerio de Coordinaci\u00f3n y Planificaci\u00f3n el Plan M\u00e1s Vida, Abordaje Integral de los Consumos Problem\u00e1ticos (AICOP), Universidad Nacional del Nordeste (UNNE), Direcci\u00f3n de Diversidad de G\u00e9nero tambi\u00e9n dependiente de Desarrollo Social, entre otros organismos, \u201cpara poder abarcar esta tem\u00e1tica que sabemos que es tan compleja, y por lo cual la gente se est\u00e1 acercando\u201d especific\u00f3.<\/p>\n\n\n\n<p>Se\u00f1al\u00f3 que \u201celegimos la playa Arazaty y la Terraza 1, porque vemos que siempre viene mucha gente, y si bien es la primera vez que hacemos una actividad especialmente sobre esto, la idea es replicarlo en toda la Provincia\u201d. Remarc\u00f3 as\u00ed que \u201cen el verano nos enfocamos en estas acciones como parte del Programa Diversi\u00f3n Responsable, ya que sabemos que en Corrientes hay muchas cosas divertidas que podemos hacer, siempre cuid\u00e1ndonos y brindando herramientas de concientizaci\u00f3n a los j\u00f3venes\u201d.<\/p>\n\n\n\n<p>Por el Banco de Corrientes, Roc\u00edo Pasetto, coment\u00f3 que \u201cvinimos a fomentar y acercar la inclusi\u00f3n financiera a los j\u00f3venes en particular, y a la gente en general\u201d. Detall\u00f3 que \u201ctrajimos unos juegos para hacer, y unas preguntas b\u00e1sicas sobre la inclusi\u00f3n financiera, que es lo que el Banco viene haciendo hace un tiempo ya junto al Gobierno provincial, a trav\u00e9s del Programa \u201cEl Banco a la escuela\u201d, que trata de acercar a los estudiantes en los colegios este tema, para que tengan acceso por primera vez al mundo financiero\u201d.<\/p>\n\n\n\n<p>El director provincial de Diversidad de G\u00e9nero, V\u00edctor Hugo Gonz\u00e1lez, se\u00f1al\u00f3 ante la prensa que \u201cesta jornada es un trabajo articulado con diversi\u00f3n responsable hace muchos a\u00f1os, apuntando a j\u00f3venes en este contexto, donde es muy importante tomar conciencia de esto que hoy nos aqueja y que es la problem\u00e1tica del juego irresponsable\u201d. Manifest\u00f3 que desde su \u00e1rea \u201cestamos trabajando desde la convivencia que implica un buen vivir, en armon\u00eda, y accionar en esto que nos va identificando como parte de un todo para una sociedad m\u00e1s justa, igualitaria y obviamente inclusiva\u201d.<\/p>\n","protected":false},"excerpt":{"rendered":"<p>El Gobierno provincial, junto a Loter\u00eda Correntina, el Banco de Corrientes y la Universidad Nacional&#8230;<\/p>\n","protected":false},"author":1,"featured_media":1699,"comment_status":"open","ping_status":"open","sticky":false,"template":"","format":"standard","meta":[],"categories":[1],"tags":[],"_links":{"self":[{"href":"https:\/\/neanoticias.com\/index.php\/wp-json\/wp\/v2\/posts\/1698"}],"collection":[{"href":"https:\/\/neanoticias.com\/index.php\/wp-json\/wp\/v2\/posts"}],"about":[{"href":"https:\/\/neanoticias.com\/index.php\/wp-json\/wp\/v2\/types\/post"}],"author":[{"embeddable":true,"href":"https:\/\/neanoticias.com\/index.php\/wp-json\/wp\/v2\/users\/1"}],"replies":[{"embeddable":true,"href":"https:\/\/neanoticias.com\/index.php\/wp-json\/wp\/v2\/comments?post=1698"}],"version-history":[{"count":1,"href":"https:\/\/neanoticias.com\/index.php\/wp-json\/wp\/v2\/posts\/1698\/revisions"}],"predecessor-version":[{"id":1700,"href":"https:\/\/neanoticias.com\/index.php\/wp-json\/wp\/v2\/posts\/1698\/revisions\/1700"}],"wp:featuredmedia":[{"embeddable":true,"href":"https:\/\/neanoticias.com\/index.php\/wp-json\/wp\/v2\/media\/1699"}],"wp:attachment":[{"href":"https:\/\/neanoticias.com\/index.php\/wp-json\/wp\/v2\/media?parent=1698"}],"wp:term":[{"taxonomy":"category","embeddable":true,"href":"https:\/\/neanoticias.com\/index.php\/wp-json\/wp\/v2\/categories?post=1698"},{"taxonomy":"post_tag","embeddable":true,"href":"https:\/\/neanoticias.com\/index.php\/wp-json\/wp\/v2\/tags?post=1698"}],"curies":[{"name":"wp","href":"https:\/\/api.w.org\/{rel}","templated":true}]}}