{"id":169,"date":"2022-09-14T15:06:32","date_gmt":"2022-09-14T15:06:32","guid":{"rendered":"https:\/\/neanoticias.com\/?p=169"},"modified":"2022-09-14T15:06:32","modified_gmt":"2022-09-14T15:06:32","slug":"covid-19-casi-un-70-de-la-poblacion-ya-tiene-la-cuarta-dosis","status":"publish","type":"post","link":"https:\/\/neanoticias.com\/index.php\/2022\/09\/14\/covid-19-casi-un-70-de-la-poblacion-ya-tiene-la-cuarta-dosis\/","title":{"rendered":"COVID-19: &#8220;CASI UN 70% DE LA POBLACI\u00d3N YA TIENE LA CUARTA DOSIS&#8221;"},"content":{"rendered":"\n<p>Fernando Achinelli, m\u00e9dico infect\u00f3logo del Hospital de Campa\u00f1a de Corrientes, explic\u00f3 en di\u00e1logo con Radio Sudamericana que los grupos de riesgo con respecto al COVID-19 \u201cdeber\u00edan seguir utilizando el barbijo en lugares cerrados\u201d. Esta aclaraci\u00f3n se da en el marco de la confirmaci\u00f3n del uso no obligatorio del barbijo en sitios cerrados por parte del Ministerio de Salud correntino. La medida comenzara a regir a partir del 21 de septiembre.<\/p>\n\n\n\n<figure class=\"wp-block-image size-full\"><img loading=\"lazy\" width=\"700\" height=\"467\" src=\"https:\/\/neanoticias.com\/wp-content\/uploads\/2022\/09\/924384.jpg_nota.jpg\" alt=\"\" class=\"wp-image-170\" srcset=\"https:\/\/neanoticias.com\/wp-content\/uploads\/2022\/09\/924384.jpg_nota.jpg 700w, https:\/\/neanoticias.com\/wp-content\/uploads\/2022\/09\/924384.jpg_nota-300x200.jpg 300w\" sizes=\"(max-width: 700px) 100vw, 700px\" \/><\/figure>\n\n\n\n<p>El Ministerio de Salud P\u00fablica de Corrientes inform\u00f3 que<strong>&nbsp;el uso del barbijo no ser\u00e1 obligatorio en lugares cerrados a partir del 21 de septiembre<\/strong>.<\/p>\n\n\n\n<p>En este contexto, el m\u00e9dico infect\u00f3logo Fernando Achinelli dialog\u00f3 con Radio Sudamericana y\u00a0<strong>recomend\u00f3 que aquellas personas entendidas como pacientes de riesgo sigan utilizando el cubrebocas en lugares cerrados<\/strong>.<\/p>\n\n\n\n<p>\u201cVemos que&nbsp;<strong>la pandemia va hacia una transici\u00f3n, con un notable descenso en internaciones y muertes en Corrientes<\/strong>&nbsp;con respecto al COVID-19. De todas formas, recomendamos a los grupos vulnerables o de riesgo seguir usando el barbijo en lugares cerrados\u201d, coment\u00f3 el profesional de la salud.<\/p>\n\n\n\n<p>\u201cSi bien esta subvariante no se comport\u00f3 de la misma manera en el hemisferio sur que en el norte, no podemos dudar de que una persona con s\u00edntomas puede seguir contagiando a muchas personas dentro de un transporte p\u00fablico. Por eso&nbsp;<strong>instamos a que los pacientes de riesgo contin\u00faen utilizando el barbijo en estos lugares<\/strong>\u201d , aclar\u00f3 posteriormente.<\/p>\n\n\n\n<h2><strong>Recomendaciones para evitar contagios<\/strong><\/h2>\n\n\n\n<p>Por otro lado, Achinelli se refiri\u00f3 a los cuidados que se deben seguir teniendo con respecto al virus, si bien el n\u00famero de contagios y muertes se redujo en un gran n\u00famero.<\/p>\n\n\n\n<p>\u201cEn el \u00e1mbito privado, sin dudas que en los lugares cerrados son \u00e1mbitos propicios para la contagiosidad por COVID-19.&nbsp;<strong>Nuestra meta es que se llegue a un 80% de la poblaci\u00f3n con el esquema de vacunaci\u00f3n completo<\/strong>. Hasta entonces, cualquier oleada generar\u00e1 una gran cantidad de contagios e internaciones. Recomendamos el cuidado personal, aunque sin tanto rigor con el uso del barbijo, por ejemplo\u201d, destac\u00f3.<\/p>\n\n\n\n<h2><strong>\u201cEl 70% de la poblaci\u00f3n ya tiene la cuarta dosis\u201d<\/strong><\/h2>\n\n\n\n<p>Por \u00faltimo, y hablando de estad\u00edsticas vinculadas a la pandemia de COVID-19, Achinelli fue optimista con respecto a los datos recolectados.<\/p>\n\n\n\n<p>\u201cEstimamos que&nbsp;<strong>hay un 70% de la poblaci\u00f3n que ya se aplic\u00f3 la cuarta dosis contra el COVID-19<\/strong>. Todav\u00eda resta una gran parte de la poblaci\u00f3n aplicarse esta cuarta y \u00faltima dosis, sobre todo el rango etario comprendido entre los 20 y 40 a\u00f1os. Todav\u00eda es lenta esa adherencia a la cuarta dosis en ese grupo espec\u00edfico\u201d, concluy\u00f3.<\/p>\n","protected":false},"excerpt":{"rendered":"<p>Fernando Achinelli, m\u00e9dico infect\u00f3logo del Hospital de Campa\u00f1a de Corrientes, explic\u00f3 en di\u00e1logo con Radio&#8230;<\/p>\n","protected":false},"author":1,"featured_media":170,"comment_status":"open","ping_status":"open","sticky":false,"template":"","format":"standard","meta":[],"categories":[1],"tags":[],"_links":{"self":[{"href":"https:\/\/neanoticias.com\/index.php\/wp-json\/wp\/v2\/posts\/169"}],"collection":[{"href":"https:\/\/neanoticias.com\/index.php\/wp-json\/wp\/v2\/posts"}],"about":[{"href":"https:\/\/neanoticias.com\/index.php\/wp-json\/wp\/v2\/types\/post"}],"author":[{"embeddable":true,"href":"https:\/\/neanoticias.com\/index.php\/wp-json\/wp\/v2\/users\/1"}],"replies":[{"embeddable":true,"href":"https:\/\/neanoticias.com\/index.php\/wp-json\/wp\/v2\/comments?post=169"}],"version-history":[{"count":1,"href":"https:\/\/neanoticias.com\/index.php\/wp-json\/wp\/v2\/posts\/169\/revisions"}],"predecessor-version":[{"id":171,"href":"https:\/\/neanoticias.com\/index.php\/wp-json\/wp\/v2\/posts\/169\/revisions\/171"}],"wp:featuredmedia":[{"embeddable":true,"href":"https:\/\/neanoticias.com\/index.php\/wp-json\/wp\/v2\/media\/170"}],"wp:attachment":[{"href":"https:\/\/neanoticias.com\/index.php\/wp-json\/wp\/v2\/media?parent=169"}],"wp:term":[{"taxonomy":"category","embeddable":true,"href":"https:\/\/neanoticias.com\/index.php\/wp-json\/wp\/v2\/categories?post=169"},{"taxonomy":"post_tag","embeddable":true,"href":"https:\/\/neanoticias.com\/index.php\/wp-json\/wp\/v2\/tags?post=169"}],"curies":[{"name":"wp","href":"https:\/\/api.w.org\/{rel}","templated":true}]}}