{"id":1688,"date":"2025-02-20T11:46:35","date_gmt":"2025-02-20T11:46:35","guid":{"rendered":"https:\/\/neanoticias.com\/?p=1688"},"modified":"2025-02-20T11:46:36","modified_gmt":"2025-02-20T11:46:36","slug":"el-vicegobernador-de-mississippi-se-desplomo-en-medio-de-una-sesion-legislativa","status":"publish","type":"post","link":"https:\/\/neanoticias.com\/index.php\/2025\/02\/20\/el-vicegobernador-de-mississippi-se-desplomo-en-medio-de-una-sesion-legislativa\/","title":{"rendered":"EL VICEGOBERNADOR DE MISSISSIPPI SE DESPLOM\u00d3 EN MEDIO DE UNA SESI\u00d3N LEGISLATIVA"},"content":{"rendered":"\n<p>El incidente ocurri\u00f3 este mi\u00e9rcoles por la ma\u00f1ana y fue captado por una c\u00e1mara que transmit\u00eda el debate en vivo<\/p>\n\n\n\n<p>El vicegobernador de Mississippi,&nbsp;Delbert Hosemann,&nbsp;se desplom\u00f3&nbsp;este mi\u00e9rcoles por la ma\u00f1ana en medio de una sesi\u00f3n legislativa. El incidente fue captado por una c\u00e1mara instalada en el recinto, que transmit\u00eda el debate en vivo. De acuerdo con la prensa local,&nbsp;el funcionario se encuentra fuera de peligro.<\/p>\n\n\n\n<p>Como muestran las im\u00e1genes que se viralizaron en X,\u00a0Hossemann colaps\u00f3 mientras presid\u00eda la asamblea.\u00a0Parado detr\u00e1s de un atril, el pol\u00edtico de 77 a\u00f1os escuchaba la alocuci\u00f3n de un legislador cuando, poco a poco, empez\u00f3 a desvanecerse. Pasaron pocos segundos antes de que cayera sobre el atril y terminara en el piso.<\/p>\n\n\n\n<p>La primera reacci\u00f3n de quienes estaban en el recinto fue de asombro. R\u00e1pidamente, dos senadores se acercaron a Hosemann.\u00a0Uno de ellos pidi\u00f3 a sus colegas comunicarse al 911 (Emergencias) mientras que el segundo tom\u00f3 el micr\u00f3fono y dict\u00f3 un receso por tiempo indeterminado.<\/p>\n\n\n\n<p>\u201c\u00a1Necesitamos un doctor o un enfermero!\u201d, grita una legisladora mientras m\u00e1s y m\u00e1s compa\u00f1eros de banca se acercan al lugar donde el vicegobernador yac\u00eda tendido. Minutos despu\u00e9s del accidente, personal m\u00e9dico se hizo presente en el Parlamento y constat\u00f3 el estado de salud del referente por el estado de Mississippi.<\/p>\n\n\n\n<p>\u201cEl vicegobernador Hossemann&nbsp;se encuentra bien y est\u00e1 de buen \u00e1nimo. Agradecemos a todo el personal m\u00e9dico que se puso a disposici\u00f3n. Est\u00e1 ansioso de volver a trabajar\u201d, resalta un comunicado al que tuvo acceso Mississippi Free Press&nbsp;y que lleva la r\u00fabrica del mismo vicegobernador.<\/p>\n\n\n\n<p>Fueron varios los personajes del espectro pol\u00edtico que se solidarizaron con Hosemann. Entre ellos, el gobernador de Mississippi,&nbsp;Tate Reeve: \u201cLa primera dama Elee Reeves y yo estamos orando por la salud del vicegobernador\u201d. \u201cPedimos por su salud y pronta recuperaci\u00f3n\u201d, sum\u00f3&nbsp;Jason White, l\u00edder del bloque republicano en la C\u00e1mara de Representantes. \u201cOremos por el vicegobernador Delbert Hosemann\u201d, coron\u00f3 el secretario de Estado en Mississippi,&nbsp;Michael Watson.<\/p>\n","protected":false},"excerpt":{"rendered":"<p>El incidente ocurri\u00f3 este mi\u00e9rcoles por la ma\u00f1ana y fue captado por una c\u00e1mara que&#8230;<\/p>\n","protected":false},"author":1,"featured_media":1689,"comment_status":"open","ping_status":"open","sticky":false,"template":"","format":"standard","meta":[],"categories":[1],"tags":[],"_links":{"self":[{"href":"https:\/\/neanoticias.com\/index.php\/wp-json\/wp\/v2\/posts\/1688"}],"collection":[{"href":"https:\/\/neanoticias.com\/index.php\/wp-json\/wp\/v2\/posts"}],"about":[{"href":"https:\/\/neanoticias.com\/index.php\/wp-json\/wp\/v2\/types\/post"}],"author":[{"embeddable":true,"href":"https:\/\/neanoticias.com\/index.php\/wp-json\/wp\/v2\/users\/1"}],"replies":[{"embeddable":true,"href":"https:\/\/neanoticias.com\/index.php\/wp-json\/wp\/v2\/comments?post=1688"}],"version-history":[{"count":1,"href":"https:\/\/neanoticias.com\/index.php\/wp-json\/wp\/v2\/posts\/1688\/revisions"}],"predecessor-version":[{"id":1690,"href":"https:\/\/neanoticias.com\/index.php\/wp-json\/wp\/v2\/posts\/1688\/revisions\/1690"}],"wp:featuredmedia":[{"embeddable":true,"href":"https:\/\/neanoticias.com\/index.php\/wp-json\/wp\/v2\/media\/1689"}],"wp:attachment":[{"href":"https:\/\/neanoticias.com\/index.php\/wp-json\/wp\/v2\/media?parent=1688"}],"wp:term":[{"taxonomy":"category","embeddable":true,"href":"https:\/\/neanoticias.com\/index.php\/wp-json\/wp\/v2\/categories?post=1688"},{"taxonomy":"post_tag","embeddable":true,"href":"https:\/\/neanoticias.com\/index.php\/wp-json\/wp\/v2\/tags?post=1688"}],"curies":[{"name":"wp","href":"https:\/\/api.w.org\/{rel}","templated":true}]}}