{"id":1675,"date":"2025-01-31T13:52:42","date_gmt":"2025-01-31T13:52:42","guid":{"rendered":"https:\/\/neanoticias.com\/?p=1675"},"modified":"2025-01-31T13:52:43","modified_gmt":"2025-01-31T13:52:43","slug":"el-miercoles-15-inicia-el-pago-de-la-segunda-cuota-del-bono-de-fin-de-ano-y-el-plus-a-municipales","status":"publish","type":"post","link":"https:\/\/neanoticias.com\/index.php\/2025\/01\/31\/el-miercoles-15-inicia-el-pago-de-la-segunda-cuota-del-bono-de-fin-de-ano-y-el-plus-a-municipales\/","title":{"rendered":"EL MI\u00c9RCOLES 15 INICIA EL PAGO DE LA SEGUNDA CUOTA DEL BONO DE FIN DE A\u00d1O Y EL PLUS A MUNICIPALES"},"content":{"rendered":"\n<p><em>El cronograma se extender\u00e1 hasta el viernes 17 de enero, seg\u00fan lo anunci\u00f3 el intendente Eduardo Tassano a trav\u00e9s de sus redes. Junto con este plus ordinario, se abonar\u00e1n los segundos $100 mil del total de $300 mil del extra por las fiestas. Las tercera y \u00faltima parte se pagar\u00e1 en febrero.<\/em><\/p>\n\n\n\n<p>Los trabajadores de planta, contrato y agentes Neike bancarizados tendr\u00e1n depositado el mismo mi\u00e9rcoles 15 de enero en sus respectivas cuentas bancarias el pago de esta segunda cuota del bono navide\u00f1o junto con el plus, dinero al que podr\u00e1n acceder a trav\u00e9s de los cajeros autom\u00e1ticos habilitados.<br>Por su parte, aquellos trabajadores Neike que no est\u00e1n bancarizados cobrar\u00e1n por terminaci\u00f3n de DNI y deber\u00e1n dirigirse a la Caja Municipal de Pr\u00e9stamos (CMP), en su sede central ubicada en Brasil 1269. Los pagos se realizan de lunes a viernes, de 7:30 a 12:30 y de 16 a 20.<br>En este caso, el mi\u00e9rcoles 15 de enero les corresponder\u00e1 cobrar a los trabajadores cuyos DNI terminen en 0, 1 y 2; el jueves 16 de enero a los agentes con DNI finalizados en 3, 4, 5 y 6; y concluir\u00e1 el viernes 17 de enero con el pago a los que tengan documentos que finalicen en 7, 8 y 9.<br>Por su parte, los Neike bancarizados pero que a\u00fan no posean tarjeta de d\u00e9bito, deber\u00e1n cobrar por ventanilla del Banco de Corrientes (sucursal av. Teniente Ib\u00e1\u00f1ez 1826) de acuerdo al cronograma detallado anteriormente y que va del mi\u00e9rcoles 15 al viernes 17.<\/p>\n","protected":false},"excerpt":{"rendered":"<p>El cronograma se extender\u00e1 hasta el viernes 17 de enero, seg\u00fan lo anunci\u00f3 el intendente&#8230;<\/p>\n","protected":false},"author":1,"featured_media":1676,"comment_status":"open","ping_status":"open","sticky":false,"template":"","format":"standard","meta":[],"categories":[1],"tags":[],"_links":{"self":[{"href":"https:\/\/neanoticias.com\/index.php\/wp-json\/wp\/v2\/posts\/1675"}],"collection":[{"href":"https:\/\/neanoticias.com\/index.php\/wp-json\/wp\/v2\/posts"}],"about":[{"href":"https:\/\/neanoticias.com\/index.php\/wp-json\/wp\/v2\/types\/post"}],"author":[{"embeddable":true,"href":"https:\/\/neanoticias.com\/index.php\/wp-json\/wp\/v2\/users\/1"}],"replies":[{"embeddable":true,"href":"https:\/\/neanoticias.com\/index.php\/wp-json\/wp\/v2\/comments?post=1675"}],"version-history":[{"count":1,"href":"https:\/\/neanoticias.com\/index.php\/wp-json\/wp\/v2\/posts\/1675\/revisions"}],"predecessor-version":[{"id":1677,"href":"https:\/\/neanoticias.com\/index.php\/wp-json\/wp\/v2\/posts\/1675\/revisions\/1677"}],"wp:featuredmedia":[{"embeddable":true,"href":"https:\/\/neanoticias.com\/index.php\/wp-json\/wp\/v2\/media\/1676"}],"wp:attachment":[{"href":"https:\/\/neanoticias.com\/index.php\/wp-json\/wp\/v2\/media?parent=1675"}],"wp:term":[{"taxonomy":"category","embeddable":true,"href":"https:\/\/neanoticias.com\/index.php\/wp-json\/wp\/v2\/categories?post=1675"},{"taxonomy":"post_tag","embeddable":true,"href":"https:\/\/neanoticias.com\/index.php\/wp-json\/wp\/v2\/tags?post=1675"}],"curies":[{"name":"wp","href":"https:\/\/api.w.org\/{rel}","templated":true}]}}