{"id":1663,"date":"2025-01-31T13:04:42","date_gmt":"2025-01-31T13:04:42","guid":{"rendered":"https:\/\/neanoticias.com\/?p=1663"},"modified":"2025-01-31T13:04:44","modified_gmt":"2025-01-31T13:04:44","slug":"goya-se-viene-la-segunda-fecha-del-campeonato-de-aguas-abiertas","status":"publish","type":"post","link":"https:\/\/neanoticias.com\/index.php\/2025\/01\/31\/goya-se-viene-la-segunda-fecha-del-campeonato-de-aguas-abiertas\/","title":{"rendered":"GOYA: SE VIENE LA SEGUNDA FECHA DEL CAMPEONATO DE AGUAS ABIERTAS"},"content":{"rendered":"\n<p>Este fin de semana se corre la 2\u00aa Fecha del Campeonato Aguas Abiertas Goya con la participaci\u00f3n de m\u00e1s de 130 nadadores locales y de otras provincias. El s\u00e1bado habr\u00e1 charla t\u00e9cnica y entrega de elementos. Todas las actividades tendr\u00e1n lugar en Playa El Ing\u00e1. \u00a0<\/p>\n\n\n\n<p>Todo est\u00e1 preparado para este s\u00e1bado y domingo. Desde la organizaci\u00f3n adelantaron algunas novedades del pr\u00f3ximo Campeonato Aguas Abiertas. El director de Deportes, Alejandro Lago enumer\u00f3 las actividades propuestas:<\/p>\n\n\n\n<h2><strong>CRONOGRAMA<\/strong><\/h2>\n\n\n\n<h2><strong>S\u00c1BADO 11 DE ENERO<\/strong><\/h2>\n\n\n\n<ul><li>18:30 horas: entrega de kit y acreditaciones<\/li><\/ul>\n\n\n\n<h2><strong>DOMINGO 12 DE ENERO<\/strong><\/h2>\n\n\n\n<ul><li>7:30 horas acreditaciones for\u00e1neos<\/li><li>8:40 horas cierre acreditaciones<\/li><li>8:50 charla t\u00e9cnica<\/li><li>9:00 horas largada 3000 metros<\/li><li>9:40 horas largada 450 metros<\/li><li>10:00 horas largada 1500 metros<\/li><li>11:00 horas acto premiaci\u00f3n<\/li><li>11:30 horas almuerzo<\/li><\/ul>\n\n\n\n<p>\u201cEn esta segunda fecha estamos teniendo buena recepci\u00f3n. Ayer (jueves) se hizo el cierre de inscripci\u00f3n, hoy estamos tratando de confirmar presencias y se viene una tarea importante este fin de semana. En esta segunda fecha se est\u00e1n sumando muchos atletas nuevos que vienen a competir como es el caso de atletas de C\u00f3rdoba, nadadores de Formosa, as\u00ed que estamos m\u00e1s que contentos por la performance y publicidad que vienen teniendo el Aguas de Abiertas de Goya\u201d refiri\u00f3 Lago.<\/p>\n\n\n\n<p>\u201cEste trabajo se hace en equipo\u201d agradeci\u00f3 a otras direcciones y secretar\u00edas municipales que acompa\u00f1ar\u00e1n este fin de semana como: APS Municipal, Defensa Civil, PNA, \u201cas\u00ed que estamos muy expectantes para que esta segunda fecha sea mejor que la primera\u201d.<\/p>\n\n\n\n<p><\/p>\n\n\n\n<h2><strong>DISTANCIA<\/strong><\/h2>\n\n\n\n<p>Premiaci\u00f3n general (dama y caballero)<\/p>\n\n\n\n<ul><li>3000 metros<\/li><li>1500 metros<\/li><li>450 metros<\/li><li>Premiaci\u00f3n por categor\u00eda en la distancia 3000 y 1500 (caballero y dama)<\/li><li>14\/15 a\u00f1os<\/li><li>16\/ 19 a\u00f1os<\/li><li>20\/ 29 a\u00f1os<\/li><li>30\/ 39 a\u00f1os<\/li><li>50\/ 59 a\u00f1os<\/li><li>60 y m\u00e1s<\/li><\/ul>\n\n\n\n<p><a href=\"https:\/\/www.radiosudamericana.com\/notix\/multimedia\/imagenes\/fotos\/2025-01-10\/487886.jpeg\"><\/a><\/p>\n\n\n\n<p><a href=\"https:\/\/www.radiosudamericana.com\/notix\/multimedia\/imagenes\/fotos\/2025-01-10\/834141.jpeg\"><\/a><\/p>\n","protected":false},"excerpt":{"rendered":"<p>Este fin de semana se corre la 2\u00aa Fecha del Campeonato Aguas Abiertas Goya con&#8230;<\/p>\n","protected":false},"author":1,"featured_media":1664,"comment_status":"open","ping_status":"open","sticky":false,"template":"","format":"standard","meta":[],"categories":[1],"tags":[],"_links":{"self":[{"href":"https:\/\/neanoticias.com\/index.php\/wp-json\/wp\/v2\/posts\/1663"}],"collection":[{"href":"https:\/\/neanoticias.com\/index.php\/wp-json\/wp\/v2\/posts"}],"about":[{"href":"https:\/\/neanoticias.com\/index.php\/wp-json\/wp\/v2\/types\/post"}],"author":[{"embeddable":true,"href":"https:\/\/neanoticias.com\/index.php\/wp-json\/wp\/v2\/users\/1"}],"replies":[{"embeddable":true,"href":"https:\/\/neanoticias.com\/index.php\/wp-json\/wp\/v2\/comments?post=1663"}],"version-history":[{"count":1,"href":"https:\/\/neanoticias.com\/index.php\/wp-json\/wp\/v2\/posts\/1663\/revisions"}],"predecessor-version":[{"id":1665,"href":"https:\/\/neanoticias.com\/index.php\/wp-json\/wp\/v2\/posts\/1663\/revisions\/1665"}],"wp:featuredmedia":[{"embeddable":true,"href":"https:\/\/neanoticias.com\/index.php\/wp-json\/wp\/v2\/media\/1664"}],"wp:attachment":[{"href":"https:\/\/neanoticias.com\/index.php\/wp-json\/wp\/v2\/media?parent=1663"}],"wp:term":[{"taxonomy":"category","embeddable":true,"href":"https:\/\/neanoticias.com\/index.php\/wp-json\/wp\/v2\/categories?post=1663"},{"taxonomy":"post_tag","embeddable":true,"href":"https:\/\/neanoticias.com\/index.php\/wp-json\/wp\/v2\/tags?post=1663"}],"curies":[{"name":"wp","href":"https:\/\/api.w.org\/{rel}","templated":true}]}}