{"id":1660,"date":"2025-01-31T13:03:13","date_gmt":"2025-01-31T13:03:13","guid":{"rendered":"https:\/\/neanoticias.com\/?p=1660"},"modified":"2025-01-31T13:03:14","modified_gmt":"2025-01-31T13:03:14","slug":"el-gobierno-llamo-a-sesiones-extraordinarias-del-congreso","status":"publish","type":"post","link":"https:\/\/neanoticias.com\/index.php\/2025\/01\/31\/el-gobierno-llamo-a-sesiones-extraordinarias-del-congreso\/","title":{"rendered":"EL GOBIERNO LLAM\u00d3 A SESIONES EXTRAORDINARIAS DEL CONGRESO"},"content":{"rendered":"\n<p>Este viernes, el vocero presidencial Manuel Adorni anunci\u00f3 mediante un tuit que el Poder Ejecutivo firm\u00f3 el decreto convocando a sesiones extraordinarias del Honorable Congreso de la Naci\u00f3n, las cuales se extender\u00e1n desde el 20 de enero hasta el 21 de febrero de 2025.\u00a0<\/p>\n\n\n\n<p>El decreto, identificado con el n\u00famero DECTO-2025-23-APN-PTE, detall\u00f3&nbsp;una serie de iniciativas legislativas sobre&nbsp;seguridad, justicia, transparencia electoral y fortalecimiento institucional. Entre los puntos destacados se encuentran:<\/p>\n\n\n\n<ul><li>Ley Antimafias: Un proyecto que busca combatir de manera integral el crimen organizado en el pa\u00eds.<\/li><li>Modificaci\u00f3n del C\u00f3digo Procesal Penal: Con el prop\u00f3sito de regular la realizaci\u00f3n de juicios en ausencia del imputado.<\/li><li>R\u00e9gimen de Reiterancia y Unificaci\u00f3n de Condenas: Propuesta que modifica las normativas sobre reincidencia en delitos.<\/li><li>Reforma para el Fortalecimiento Electoral: Con medidas que apuntan a mejorar los procesos democr\u00e1ticos.<\/li><li>Ficha Limpia: Una iniciativa que proh\u00edbe la candidatura de personas condenadas por delitos graves.<\/li><li>Compensaci\u00f3n e \u00cdndice de Actualizaci\u00f3n de Quebrantos: Ley destinada a establecer criterios de actualizaci\u00f3n para resarcimientos.<\/li><li>Consideraci\u00f3n de pliegos para designaciones: Requiere acuerdos del Senado para distintos cargos.<\/li><\/ul>\n\n\n\n<p>El lanzamiento del decreto se enmarca en el &#8220;A\u00f1o de la Reconstrucci\u00f3n de la Naci\u00f3n Argentina&#8221;, seg\u00fan reza el encabezado oficial del documento. La decisi\u00f3n del Poder Ejecutivo de incluir temas como la Ley Antimafias y el Juicio en Ausencia responde a crecientes demandas sociales por mayor seguridad y celeridad en los procesos judiciales.<\/p>\n\n\n\n<p><a href=\"https:\/\/www.radiosudamericana.com\/notix\/multimedia\/imagenes\/fotos\/2025-01-10\/284482.jpg\"><\/a><\/p>\n","protected":false},"excerpt":{"rendered":"<p>Este viernes, el vocero presidencial Manuel Adorni anunci\u00f3 mediante un tuit que el Poder Ejecutivo&#8230;<\/p>\n","protected":false},"author":1,"featured_media":1661,"comment_status":"open","ping_status":"open","sticky":false,"template":"","format":"standard","meta":[],"categories":[1],"tags":[],"_links":{"self":[{"href":"https:\/\/neanoticias.com\/index.php\/wp-json\/wp\/v2\/posts\/1660"}],"collection":[{"href":"https:\/\/neanoticias.com\/index.php\/wp-json\/wp\/v2\/posts"}],"about":[{"href":"https:\/\/neanoticias.com\/index.php\/wp-json\/wp\/v2\/types\/post"}],"author":[{"embeddable":true,"href":"https:\/\/neanoticias.com\/index.php\/wp-json\/wp\/v2\/users\/1"}],"replies":[{"embeddable":true,"href":"https:\/\/neanoticias.com\/index.php\/wp-json\/wp\/v2\/comments?post=1660"}],"version-history":[{"count":1,"href":"https:\/\/neanoticias.com\/index.php\/wp-json\/wp\/v2\/posts\/1660\/revisions"}],"predecessor-version":[{"id":1662,"href":"https:\/\/neanoticias.com\/index.php\/wp-json\/wp\/v2\/posts\/1660\/revisions\/1662"}],"wp:featuredmedia":[{"embeddable":true,"href":"https:\/\/neanoticias.com\/index.php\/wp-json\/wp\/v2\/media\/1661"}],"wp:attachment":[{"href":"https:\/\/neanoticias.com\/index.php\/wp-json\/wp\/v2\/media?parent=1660"}],"wp:term":[{"taxonomy":"category","embeddable":true,"href":"https:\/\/neanoticias.com\/index.php\/wp-json\/wp\/v2\/categories?post=1660"},{"taxonomy":"post_tag","embeddable":true,"href":"https:\/\/neanoticias.com\/index.php\/wp-json\/wp\/v2\/tags?post=1660"}],"curies":[{"name":"wp","href":"https:\/\/api.w.org\/{rel}","templated":true}]}}