{"id":1653,"date":"2024-12-05T04:04:54","date_gmt":"2024-12-05T04:04:54","guid":{"rendered":"https:\/\/neanoticias.com\/?p=1653"},"modified":"2024-12-05T04:04:55","modified_gmt":"2024-12-05T04:04:55","slug":"acusan-al-jefe-de-la-policia-federal-de-llevar-a-familiares-en-un-avion-oficial","status":"publish","type":"post","link":"https:\/\/neanoticias.com\/index.php\/2024\/12\/05\/acusan-al-jefe-de-la-policia-federal-de-llevar-a-familiares-en-un-avion-oficial\/","title":{"rendered":"ACUSAN AL JEFE DE LA POLIC\u00cdA FEDERAL DE LLEVAR A FAMILIARES EN UN AVI\u00d3N OFICIAL"},"content":{"rendered":"\n<p>El comisario general Luis Rolle est\u00e1 sospechado de trasladar a sus parientes y allegados a su\u00a0boda que se celebr\u00f3 el pasado 5 de octubre en una estancia de Corrientes.\u00a0<\/p>\n\n\n\n<p>El jefe de la Polic\u00eda Federal Argentina (PFA), comisario general Luis Rolle, enfrenta una pol\u00e9mica tras revelarse que utiliz\u00f3 un avi\u00f3n oficial de la fuerza para transportar a familiares y allegados a la fiesta de su casamiento en Corrientes.<\/p>\n\n\n\n<p>El evento tuvo lugar el pasado 5 de octubre en una estancia de la provincia, y seg\u00fan fuentes oficiales, Rolle habr\u00eda usado un avi\u00f3n Viking DHC-6-400 Twin Otter, adquirido en 2019 durante la gesti\u00f3n de Patricia Bullrich como ministra de Seguridad. La aeronave, con capacidad para 11 o 12 pasajeros, parti\u00f3 desde el hangar de la Polic\u00eda Federal en Ezeiza el 3 de octubre.<\/p>\n\n\n\n<h2><strong>Antecedentes y contexto<\/strong><\/h2>\n\n\n\n<p>El caso recuerda al esc\u00e1ndalo que en 2023 provoc\u00f3 la renuncia del brigadier Fernando Mengo, quien us\u00f3 aviones de la Fuerza A\u00e9rea para fines personales, como trasladar amigos a Entre R\u00edos. En ambos casos, se trata de la utilizaci\u00f3n indebida de bienes del Estado, lo cual est\u00e1 prohibido por ley.<\/p>\n\n\n\n<p>En el caso de Rolle, fuentes cercanas se\u00f1alan que, inicialmente, la fiesta del casamiento estaba planeada para unas 300 personas, pero el comisario decidi\u00f3 reducir el evento a algo m\u00e1s \u00edntimo tras los recientes esc\u00e1ndalos vinculados a la Polic\u00eda de Seguridad Aeroportuaria (PSA) y la preocupaci\u00f3n por su continuidad en el cargo.<\/p>\n\n\n\n<p>El Ministerio de Seguridad, liderado entonces por Patricia Bullrich, habr\u00eda considerado reemplazar a Rolle en varias oportunidades, especialmente tras la renuncia de Nicol\u00e1s Posse como jefe de Gabinete, quien respaldaba las designaciones en las fuerzas de seguridad.<\/p>\n\n\n\n<p><a href=\"https:\/\/www.radiosudamericana.com\/notix\/multimedia\/imagenes\/fotos\/2024-12-04\/331216.jpg\"><\/a><\/p>\n","protected":false},"excerpt":{"rendered":"<p>El comisario general Luis Rolle est\u00e1 sospechado de trasladar a sus parientes y allegados a&#8230;<\/p>\n","protected":false},"author":1,"featured_media":1654,"comment_status":"open","ping_status":"open","sticky":false,"template":"","format":"standard","meta":[],"categories":[1],"tags":[],"_links":{"self":[{"href":"https:\/\/neanoticias.com\/index.php\/wp-json\/wp\/v2\/posts\/1653"}],"collection":[{"href":"https:\/\/neanoticias.com\/index.php\/wp-json\/wp\/v2\/posts"}],"about":[{"href":"https:\/\/neanoticias.com\/index.php\/wp-json\/wp\/v2\/types\/post"}],"author":[{"embeddable":true,"href":"https:\/\/neanoticias.com\/index.php\/wp-json\/wp\/v2\/users\/1"}],"replies":[{"embeddable":true,"href":"https:\/\/neanoticias.com\/index.php\/wp-json\/wp\/v2\/comments?post=1653"}],"version-history":[{"count":1,"href":"https:\/\/neanoticias.com\/index.php\/wp-json\/wp\/v2\/posts\/1653\/revisions"}],"predecessor-version":[{"id":1655,"href":"https:\/\/neanoticias.com\/index.php\/wp-json\/wp\/v2\/posts\/1653\/revisions\/1655"}],"wp:featuredmedia":[{"embeddable":true,"href":"https:\/\/neanoticias.com\/index.php\/wp-json\/wp\/v2\/media\/1654"}],"wp:attachment":[{"href":"https:\/\/neanoticias.com\/index.php\/wp-json\/wp\/v2\/media?parent=1653"}],"wp:term":[{"taxonomy":"category","embeddable":true,"href":"https:\/\/neanoticias.com\/index.php\/wp-json\/wp\/v2\/categories?post=1653"},{"taxonomy":"post_tag","embeddable":true,"href":"https:\/\/neanoticias.com\/index.php\/wp-json\/wp\/v2\/tags?post=1653"}],"curies":[{"name":"wp","href":"https:\/\/api.w.org\/{rel}","templated":true}]}}