{"id":1650,"date":"2024-12-05T04:02:17","date_gmt":"2024-12-05T04:02:17","guid":{"rendered":"https:\/\/neanoticias.com\/?p=1650"},"modified":"2024-12-05T04:02:18","modified_gmt":"2024-12-05T04:02:18","slug":"manejaba-alcoholizado-choco-a-dos-obreros-y-quiso-chapear","status":"publish","type":"post","link":"https:\/\/neanoticias.com\/index.php\/2024\/12\/05\/manejaba-alcoholizado-choco-a-dos-obreros-y-quiso-chapear\/","title":{"rendered":"MANEJABA ALCOHOLIZADO, CHOC\u00d3 A DOS OBREROS Y QUISO &#8220;CHAPEAR&#8221;"},"content":{"rendered":"\n<p>El hecho sucedi\u00f3 cuando un conductor de una camioneta habr\u00eda atropellado a dos personas que iban en moto, aparentemente a hacer trabajos de alba\u00f1iler\u00eda. El chofer de la Toyota Hilux de doble cabina estaba alcoholizado y habr\u00eda intentado evitar el operativo alegando ser \u201cchofer de un ministro\u201d. \u00a0<\/p>\n\n\n\n<p>El siniestro vial que se produjo en la ma\u00f1ana de este mi\u00e9rcoles, alrededor de las 6.30. En Avenida Libertad al 5600, intersecci\u00f3n con calle Lanari, un conductor de una Toyota Hilux de doble cabina colision\u00f3 a una Honda Wave de 110cc.<\/p>\n\n\n\n<p>En consecuencia, dos personas que ser\u00edan obreros de la construcci\u00f3n, fueron trasladados al Hospital Escuela por las lesiones sufridas. Al conductor de la camioneta se le practic\u00f3 el test de alcoholemia y arroj\u00f3 1.80 de alcohol en sangre.<\/p>\n\n\n\n<p>La motocicleta qued\u00f3 a unos 30 metros del sitio del choque y la camioneta qued\u00f3 con signos de golpes en la parte delantera. El conductor de este veh\u00edculo qued\u00f3 durmiendo en el asiento del conductor y para evitar el operativo, habr\u00eda \u201cchapeado\u201d diciendo que ser\u00eda \u201cchofer de un ministro\u201d.<\/p>\n\n\n\n<p><a href=\"https:\/\/www.radiosudamericana.com\/notix\/multimedia\/imagenes\/fotos\/2024-12-04\/708490.jpg\"><\/a><\/p>\n\n\n\n<p><a href=\"https:\/\/www.radiosudamericana.com\/notix\/multimedia\/imagenes\/fotos\/2024-12-04\/487237.jpg\"><\/a><\/p>\n","protected":false},"excerpt":{"rendered":"<p>El hecho sucedi\u00f3 cuando un conductor de una camioneta habr\u00eda atropellado a dos personas que&#8230;<\/p>\n","protected":false},"author":1,"featured_media":1651,"comment_status":"open","ping_status":"open","sticky":false,"template":"","format":"standard","meta":[],"categories":[1],"tags":[],"_links":{"self":[{"href":"https:\/\/neanoticias.com\/index.php\/wp-json\/wp\/v2\/posts\/1650"}],"collection":[{"href":"https:\/\/neanoticias.com\/index.php\/wp-json\/wp\/v2\/posts"}],"about":[{"href":"https:\/\/neanoticias.com\/index.php\/wp-json\/wp\/v2\/types\/post"}],"author":[{"embeddable":true,"href":"https:\/\/neanoticias.com\/index.php\/wp-json\/wp\/v2\/users\/1"}],"replies":[{"embeddable":true,"href":"https:\/\/neanoticias.com\/index.php\/wp-json\/wp\/v2\/comments?post=1650"}],"version-history":[{"count":1,"href":"https:\/\/neanoticias.com\/index.php\/wp-json\/wp\/v2\/posts\/1650\/revisions"}],"predecessor-version":[{"id":1652,"href":"https:\/\/neanoticias.com\/index.php\/wp-json\/wp\/v2\/posts\/1650\/revisions\/1652"}],"wp:featuredmedia":[{"embeddable":true,"href":"https:\/\/neanoticias.com\/index.php\/wp-json\/wp\/v2\/media\/1651"}],"wp:attachment":[{"href":"https:\/\/neanoticias.com\/index.php\/wp-json\/wp\/v2\/media?parent=1650"}],"wp:term":[{"taxonomy":"category","embeddable":true,"href":"https:\/\/neanoticias.com\/index.php\/wp-json\/wp\/v2\/categories?post=1650"},{"taxonomy":"post_tag","embeddable":true,"href":"https:\/\/neanoticias.com\/index.php\/wp-json\/wp\/v2\/tags?post=1650"}],"curies":[{"name":"wp","href":"https:\/\/api.w.org\/{rel}","templated":true}]}}