{"id":1646,"date":"2024-11-05T01:56:11","date_gmt":"2024-11-05T01:56:11","guid":{"rendered":"https:\/\/neanoticias.com\/?p=1646"},"modified":"2024-11-26T01:56:40","modified_gmt":"2024-11-26T01:56:40","slug":"dia-del-empleado-municipal-la-mayoria-delas-dependencias-comunales-estaran-cerradas","status":"publish","type":"post","link":"https:\/\/neanoticias.com\/index.php\/2024\/11\/05\/dia-del-empleado-municipal-la-mayoria-delas-dependencias-comunales-estaran-cerradas\/","title":{"rendered":"D\u00cdA DEL EMPLEADO MUNICIPAL: LA MAYOR\u00cdA DE<br>LAS DEPENDENCIAS COMUNALES ESTAR\u00c1N CERRADAS"},"content":{"rendered":"\n<p><em>ACOR, el Centro Emisor de Licencias de Conducir y otras dependencias comunales no brindar\u00e1n atenci\u00f3n este viernes 8 de noviembre, por el D\u00eda del Empleado Municipal. Igualmente, garantiza el servicio de recolecci\u00f3n de residuos y habr\u00e1 guardias en \u00e1reas operativas.<\/em><\/p>\n\n\n\n<p>En virtud a la conmemoraci\u00f3n por el D\u00eda del Empleado Municipal, el pr\u00f3ximo 8 de noviembre, la Municipalidad de Corrientes informa que algunas dependencias comunales estar\u00e1n cerradas, aunque se garantiza el normal funcionamiento del servicio de recolecci\u00f3n de residuos y habr\u00e1 guardias en \u00e1reas operativas.<br>&nbsp;<br>Cabe recordar que a trav\u00e9s de la Ordenanza N\u00ba1944, cada 8 de noviembre es d\u00eda no laborable para los empleados municipales. A ra\u00edz de ello, la Agencia Correntina de Recaudaci\u00f3n (ACOR) no brindar\u00e1 atenci\u00f3n al p\u00fablico y retomar\u00e1 sus actividades el pr\u00f3ximo lunes 11, al igual que el Centro Emisor de Licencias de Conducir, el Tribunal de Faltas, la Caja Municipal de Pr\u00e9stamos y las dem\u00e1s oficinas administrativas municipales.<br>&nbsp;<br>Las Salas de Atenci\u00f3n Primaria de la Salud (SAPS) no estar\u00e1n abiertas, ni atender\u00e1n los puntos SUBE, como tampoco habr\u00e1 cobro de estacionamiento medido en la ciudad.<br>&nbsp;<br>Sin embargo, desde la Secretar\u00eda de Ambiente y Desarrollo Sustentable garantizaron que la recolecci\u00f3n de residuos se prestar\u00e1 de manera normal en ambas zonas en las que est\u00e1 dividida la ciudad. Lo mismo ocurrir\u00e1 con&nbsp;la recolecci\u00f3n diferenciada que va a funcionar como es habitual, en los barrios que cuentan con este servicio para el reciclaje.<br>&nbsp;<br>Asimismo, habr\u00e1 un servicio de guardia en la Direcci\u00f3n General de Defunciones, de 7 a 19, en la oficina de calle 25 de Mayo 1178, para tr\u00e1mites urgentes como inhumaciones, introducci\u00f3n de cenizas y traslados urgentes. En tanto que los cementerios San Juan Bautista y de Laguna Brava estar\u00e1n abiertos, de 7 a 17.<br>&nbsp;<br>Los mercados de Abasto (El Piso) y de Productos Frescos no abrir\u00e1n sus puertas, mientras que los distintos Paseos de Compras abrir\u00e1n, de 9 a 21.<br>&nbsp;<br>Las Ferias de la Ciudad trabajar\u00e1n normalmente el viernes 8, estar\u00e1n en simult\u00e1neo en la plaza Rep\u00fablica del Per\u00fa de las Mil Viviendas; en la plazoleta Los Inmigrantes del barrio Ber\u00f3n de Astrada; en el predio de Larrea al 3400 (frente al Colegio Illia) del barrio Laguna Seca; y en la plaza Evita (Sarmiento y Maip\u00fa) del barrio Ber\u00f3n de Astrada.<br>&nbsp;<br>Desde la Subsecretar\u00eda de Turismo se inform\u00f3 que los Centros de Informes Tur\u00edsticos tendr\u00e1n esta modalidad de atenci\u00f3n con guardias para el viernes: Terminal, de 7 a 13 y de 16 a 20, Plaza Vera, de 8 a 20. Paseo del Puerto, de 13:30 a 21:30.<br>&nbsp;<br>En tanto que las \u00e1reas operativas de Tr\u00e1nsito, Guardia Urbana, Transporte, barrido de calles, brindar\u00e1n sus servicios con personal de guardia.<\/p>\n","protected":false},"excerpt":{"rendered":"<p>ACOR, el Centro Emisor de Licencias de Conducir y otras dependencias comunales no brindar\u00e1n atenci\u00f3n&#8230;<\/p>\n","protected":false},"author":1,"featured_media":1647,"comment_status":"open","ping_status":"open","sticky":false,"template":"","format":"standard","meta":[],"categories":[1],"tags":[],"_links":{"self":[{"href":"https:\/\/neanoticias.com\/index.php\/wp-json\/wp\/v2\/posts\/1646"}],"collection":[{"href":"https:\/\/neanoticias.com\/index.php\/wp-json\/wp\/v2\/posts"}],"about":[{"href":"https:\/\/neanoticias.com\/index.php\/wp-json\/wp\/v2\/types\/post"}],"author":[{"embeddable":true,"href":"https:\/\/neanoticias.com\/index.php\/wp-json\/wp\/v2\/users\/1"}],"replies":[{"embeddable":true,"href":"https:\/\/neanoticias.com\/index.php\/wp-json\/wp\/v2\/comments?post=1646"}],"version-history":[{"count":1,"href":"https:\/\/neanoticias.com\/index.php\/wp-json\/wp\/v2\/posts\/1646\/revisions"}],"predecessor-version":[{"id":1648,"href":"https:\/\/neanoticias.com\/index.php\/wp-json\/wp\/v2\/posts\/1646\/revisions\/1648"}],"wp:featuredmedia":[{"embeddable":true,"href":"https:\/\/neanoticias.com\/index.php\/wp-json\/wp\/v2\/media\/1647"}],"wp:attachment":[{"href":"https:\/\/neanoticias.com\/index.php\/wp-json\/wp\/v2\/media?parent=1646"}],"wp:term":[{"taxonomy":"category","embeddable":true,"href":"https:\/\/neanoticias.com\/index.php\/wp-json\/wp\/v2\/categories?post=1646"},{"taxonomy":"post_tag","embeddable":true,"href":"https:\/\/neanoticias.com\/index.php\/wp-json\/wp\/v2\/tags?post=1646"}],"curies":[{"name":"wp","href":"https:\/\/api.w.org\/{rel}","templated":true}]}}