{"id":1640,"date":"2024-11-05T01:51:09","date_gmt":"2024-11-05T01:51:09","guid":{"rendered":"https:\/\/neanoticias.com\/?p=1640"},"modified":"2024-11-26T01:56:51","modified_gmt":"2024-11-26T01:56:51","slug":"fue-una-reunion-muy-buena-milei-recibio-a-gobernadores-de-la-ucr","status":"publish","type":"post","link":"https:\/\/neanoticias.com\/index.php\/2024\/11\/05\/fue-una-reunion-muy-buena-milei-recibio-a-gobernadores-de-la-ucr\/","title":{"rendered":"&#8220;FUE UNA REUNI\u00d3N MUY BUENA&#8221;: MILEI RECIBI\u00d3 A GOBERNADORES DE LA UCR"},"content":{"rendered":"\n<p>El encuentro se produjo luego de la pol\u00e9mica por los dichos del Presidente respecto al exmandatario radical Ra\u00fal Alfons\u00edn. \u201cVenimos a pensar el futuro, no a hablar del pasado\u201d, asegur\u00f3 el correntino Gustavo Vald\u00e9s.<\/p>\n\n\n\n<p>El presidente&nbsp;Javier Milei&nbsp;recibi\u00f3 este martes a los gobernadores radicales, luego de lo que hab\u00edan sido fuertes tensiones d\u00edas atr\u00e1s por sus cr\u00edticas a Ra\u00fal Alfons\u00edn, que generaron el repudio un\u00e1nime de la UCR.&nbsp;<strong>\u201cFue una reuni\u00f3n muy buena\u201d<\/strong>, afirm\u00f3 el correntino Gustavo Vald\u00e9s al t\u00e9rmino del encuentro.<\/p>\n\n\n\n<p>\u201cVenimos a pensar el futuro, no a discutir sobre las diferencias que tuvimos en el pasado\u201d, asegur\u00f3 Vald\u00e9s. \u201cTenemos equilibrio fiscal, hablamos de c\u00f3mo vamos a hacer para invertir y motorizar la econom\u00eda, para&nbsp;salir de la dif\u00edcil situaci\u00f3n en la que nos dej\u00f3 el kirchnerismo\u201d, remarc\u00f3 el mandatario.<\/p>\n\n\n\n<p>Respecto del episodio en el que el Presidente expres\u00f3 que Alfons\u00edn hab\u00eda sido c\u00f3mplice de lo que llam\u00f3 un golpe de Estado en 2001,&nbsp;<strong>Vald\u00e9s desliz\u00f3 que se trat\u00f3 de una expresi\u00f3n&nbsp;\u201ct\u00edpica de la frescura de Milei\u201d<\/strong>.&nbsp;<strong>No obstante, aclar\u00f3 que tanto \u00e9l como sus pares le manifestaron su desacuerdo.<\/strong><\/p>\n\n\n\n<p>\u201cHablamos de infraestructura, rutas, obras, hidrov\u00eda, lo que necesitamos para mover la econom\u00eda. Si nosotros no tenemos log\u00edstica,\u00a0<strong>es muy dif\u00edcil tener productos competitivos en el mundo, que es lo que queremos\u201d,\u00a0<\/strong>manifest\u00f3 Vald\u00e9s.<\/p>\n\n\n\n<p>A su turno, Pullaro manifest\u00f3 que \u201chay provincias que est\u00e1n interesadas en comprar bienes del Estado\u201d, e hizo hincapi\u00e9 en el esfuerzo que est\u00e1 haciendo el gobierno -y los gobernadores- para mantener el equilibrio fiscal. Aunque tambi\u00e9n indic\u00f3 que se habl\u00f3 de la&nbsp;ca\u00edda registrada en la coparticipaci\u00f3n en los \u00faltimos meses.<\/p>\n\n\n\n<p>\u201cQueremos hacernos cargo del mantenimiento de algunas rutas nacionales\u201d, indic\u00f3. \u201cLas seis provincias litorale\u00f1as que interactuamos con el R\u00edo Paran\u00e1&nbsp;vamos a integrarnos al debate de la licitaci\u00f3n de la Hidrov\u00eda, para poder aportar nuestra mirada. Es muy importante para el futuro de la Argentina\u201d, agreg\u00f3.<\/p>\n\n\n\n<p>Se trat\u00f3 de un almuerzo que ese extendi\u00f3 por m\u00e1s de dos horas y media. Participaron los gobernadores\u00a0Maximiliano Pullaro, de Santa Fe;\u00a0Carlos Sadir, de Jujuy;\u00a0<strong>Gustavo Vald\u00e9s, de Corrientes;<\/strong>\u00a0Alfredo Cornejo, de Mendoza; y\u00a0<strong>Leandro Zdero, de Chaco.<\/strong><\/p>\n\n\n\n<p>Por el Gobierno, se hicieron presentes el jefe de Gabinete,&nbsp;Guillermo Francos; el vicejefe del Interior, Lisandro Catal\u00e1n; y la secretar\u00eda general de la Presidencia,&nbsp;Karina Milei.<\/p>\n\n\n\n<p>\u201cTuvimos una buena reuni\u00f3n con el Presidente. Se habl\u00f3 de econom\u00eda y de la log\u00edstica que el pa\u00eds necesita.&nbsp;Se necesita mucha inversi\u00f3n para crecer\u201d, se\u00f1al\u00f3 Cornejo tras la reuni\u00f3n. Y a\u00f1adi\u00f3: \u201cRepasamos los principales puntos del Presupuesto y la importancia de aprobarlo, porque le da institucionalidad al Gobierno y&nbsp;reglas de juego claras para el futuro\u201d.<\/p>\n\n\n\n<p><a href=\"https:\/\/www.radiosudamericana.com\/notix\/multimedia\/imagenes\/fotos\/2024-11-05\/269255.png\"><\/a><\/p>\n","protected":false},"excerpt":{"rendered":"<p>El encuentro se produjo luego de la pol\u00e9mica por los dichos del Presidente respecto al&#8230;<\/p>\n","protected":false},"author":1,"featured_media":1641,"comment_status":"open","ping_status":"open","sticky":false,"template":"","format":"standard","meta":[],"categories":[1],"tags":[],"_links":{"self":[{"href":"https:\/\/neanoticias.com\/index.php\/wp-json\/wp\/v2\/posts\/1640"}],"collection":[{"href":"https:\/\/neanoticias.com\/index.php\/wp-json\/wp\/v2\/posts"}],"about":[{"href":"https:\/\/neanoticias.com\/index.php\/wp-json\/wp\/v2\/types\/post"}],"author":[{"embeddable":true,"href":"https:\/\/neanoticias.com\/index.php\/wp-json\/wp\/v2\/users\/1"}],"replies":[{"embeddable":true,"href":"https:\/\/neanoticias.com\/index.php\/wp-json\/wp\/v2\/comments?post=1640"}],"version-history":[{"count":1,"href":"https:\/\/neanoticias.com\/index.php\/wp-json\/wp\/v2\/posts\/1640\/revisions"}],"predecessor-version":[{"id":1642,"href":"https:\/\/neanoticias.com\/index.php\/wp-json\/wp\/v2\/posts\/1640\/revisions\/1642"}],"wp:featuredmedia":[{"embeddable":true,"href":"https:\/\/neanoticias.com\/index.php\/wp-json\/wp\/v2\/media\/1641"}],"wp:attachment":[{"href":"https:\/\/neanoticias.com\/index.php\/wp-json\/wp\/v2\/media?parent=1640"}],"wp:term":[{"taxonomy":"category","embeddable":true,"href":"https:\/\/neanoticias.com\/index.php\/wp-json\/wp\/v2\/categories?post=1640"},{"taxonomy":"post_tag","embeddable":true,"href":"https:\/\/neanoticias.com\/index.php\/wp-json\/wp\/v2\/tags?post=1640"}],"curies":[{"name":"wp","href":"https:\/\/api.w.org\/{rel}","templated":true}]}}