{"id":164,"date":"2022-09-07T18:36:04","date_gmt":"2022-09-07T18:36:04","guid":{"rendered":"https:\/\/neanoticias.com\/?p=164"},"modified":"2022-09-13T13:54:19","modified_gmt":"2022-09-13T13:54:19","slug":"iniciativa-conjunta-entre-la-municipalidad-y-el-banco-de-sangre","status":"publish","type":"post","link":"https:\/\/neanoticias.com\/index.php\/2022\/09\/07\/iniciativa-conjunta-entre-la-municipalidad-y-el-banco-de-sangre\/","title":{"rendered":"INICIATIVA CONJUNTA ENTRE LA MUNICIPALIDAD Y EL BANCO DE SANGRE"},"content":{"rendered":"\n<p><strong>Tassano, en una exitosa jornada de donaci\u00f3n de<br>sangre: \u201cEste es un acto de entrega muy importante\u201d<\/strong><\/p>\n\n\n\n<p><em>\u201cDonar sangre significa salvar vidas y brindar mejoras en la salud para otras personas que lo necesitan\u201d, afirm\u00f3 el intendente, quien particip\u00f3 de la propuesta, enmarcada en el Mes de la Juventud, con la que se logr\u00f3 una colecta significativa y, al mismo tiempo, se gener\u00f3 conciencia sobre la importancia de este acto altruista. \u201cQueremos a los j\u00f3venes como protagonistas tambi\u00e9n en este tipo de actividades\u201d, recalc\u00f3.<\/em><\/p>\n\n\n\n<figure class=\"wp-block-image size-large\"><img loading=\"lazy\" width=\"1024\" height=\"696\" src=\"https:\/\/neanoticias.com\/wp-content\/uploads\/2022\/09\/37393b38-8f80-ae0d-46dc-a3bfae1906ef-1024x696.jpg\" alt=\"\" class=\"wp-image-165\" srcset=\"https:\/\/neanoticias.com\/wp-content\/uploads\/2022\/09\/37393b38-8f80-ae0d-46dc-a3bfae1906ef-1024x696.jpg 1024w, https:\/\/neanoticias.com\/wp-content\/uploads\/2022\/09\/37393b38-8f80-ae0d-46dc-a3bfae1906ef-300x204.jpg 300w, https:\/\/neanoticias.com\/wp-content\/uploads\/2022\/09\/37393b38-8f80-ae0d-46dc-a3bfae1906ef-768x522.jpg 768w, https:\/\/neanoticias.com\/wp-content\/uploads\/2022\/09\/37393b38-8f80-ae0d-46dc-a3bfae1906ef-1536x1044.jpg 1536w, https:\/\/neanoticias.com\/wp-content\/uploads\/2022\/09\/37393b38-8f80-ae0d-46dc-a3bfae1906ef-2048x1393.jpg 2048w\" sizes=\"(max-width: 1024px) 100vw, 1024px\" \/><\/figure>\n\n\n\n<p>Este mi\u00e9rcoles, el intendente Eduardo Tassano comparti\u00f3 con j\u00f3venes de la ciudad una jornada de donaci\u00f3n de sangre, iniciativa que fue posible a partir de un trabajo conjunto entre la Municipalidad de Corrientes y el Banco de Sangre.<br>La actividad se efectu\u00f3 en las instalaciones de la Sociedad Espa\u00f1ola de Socorros Mutuos, espacio que se adapt\u00f3 con el equipamiento m\u00e9dico adecuado para la realizaci\u00f3n de extracciones, que ser\u00e1n destinadas al reabastecimiento del Banco de Sangre Central.<br>Con el lema \u201cDonar sangre es donar vida\u201d y en el marco de las actividades que se llevan a cabo en el denominado Mes de la Juventud que impulsa la Municipalidad a trav\u00e9s del equipo de Muni Joven, la colecta concit\u00f3 una gran aceptaci\u00f3n e inter\u00e9s de parte de los j\u00f3venes, quienes se acercaron hasta la sede institucional -ubicada en Mendoza 530- para hacer su aporte a la causa solidaria.<\/p>\n\n\n\n<figure class=\"wp-block-embed is-type-video is-provider-youtube wp-block-embed-youtube wp-embed-aspect-16-9 wp-has-aspect-ratio\"><div class=\"wp-block-embed__wrapper\">\n<iframe loading=\"lazy\" title=\"Tassano, en una exitosa jornada de donaci\u00f3n de sangre en la ciudad\" width=\"640\" height=\"360\" src=\"https:\/\/www.youtube.com\/embed\/hJY_J1pclw8?feature=oembed\" frameborder=\"0\" allow=\"accelerometer; autoplay; clipboard-write; encrypted-media; gyroscope; picture-in-picture\" allowfullscreen><\/iframe>\n<\/div><\/figure>\n\n\n\n<p>En ese marco, el intendente elogi\u00f3 la propuesta del equipo municipal y el trabajo profesional que lleva adelante el Banco de Sangre con este tipo colectas: \u201cEn la organizaci\u00f3n del Mes de la Juventud, que est\u00e1 llevando adelante nuestro equipo de Muni Joven, se hizo un convenio con el Banco de Sangre por parte de los j\u00f3venes\u201d, explic\u00f3 inicialmente. En ese contexto, destac\u00f3 que \u201calgo muy importante y quiz\u00e1s poco conocido es que la legislaci\u00f3n nacional cambi\u00f3 hace un poco m\u00e1s de un a\u00f1o y estableci\u00f3 que ya los mayores de 16 a\u00f1os pueden donar sangre, lo cual antes no estaba dispuesto\u201d.<br>\u201cAs\u00ed como queremos que participen y que sean protagonistas de diferentes tipos de actividades, esto tambi\u00e9n contribuye a concientizar y al hecho pr\u00e1ctico de la donaci\u00f3n, que significa salvar vidas y brindar mejoras en la salud para otras personas que lo necesitan\u201d, indic\u00f3 el intendente.<br>Tassano, m\u00e9dico cardi\u00f3logo de profesi\u00f3n, volvi\u00f3 a subrayar el valor que tiene el hecho de donar sangre, sobre lo que consider\u00f3 que se trata de \u201cun tema muy necesario para un mont\u00f3n de actos m\u00e9dicos, para salvar vidas, para mejorar la calidad de vida\u201d y, seguidamente, recalc\u00f3 que consiste en \u201cun acto de entrega muy importante en el que las personas que donan est\u00e1n dando realmente much\u00edsimo de s\u00ed para que otros est\u00e9n mejor\u201d.<br>&nbsp;<br>UN ACTO HUMANITARIO Y SOLIDARIO<br>El doctor Vertinaldo Avalos, coordinador de Hemodonaci\u00f3n del Banco de Sangre Central, ponder\u00f3 la realizaci\u00f3n de este tipo de actividades al remarcar que \u00e9stas llevan un doble mensaje: \u201cEducar y colaborar\u201d, dijo.&nbsp;<br>\u201cGracias a un acuerdo con la Municipalidad de Corrientes pudimos dar lugar a una iniciativa que busca fomentar la actividad educativa con respecto a lo que es la donaci\u00f3n de sangre y otras pr\u00e1cticas que el Banco Central de Sangre realiza de rutina, y adem\u00e1s, generar un espacio para una colecta externa\u201d, afirm\u00f3. La iniciativa de la jornada tuvo a los j\u00f3venes como protagonistas, algo que el m\u00e9dico consider\u00f3 \u201cun mensaje esperanzador\u201d.<br>\u201cPor las caracter\u00edsticas de esta organizaci\u00f3n, que impulsa la rama joven de la Municipalidad, la gran mayor\u00eda de los donantes en esta jornada son personas de no m\u00e1s de 25 o 30 a\u00f1os\u201d, se\u00f1al\u00f3 Avalos. Seguidamente, interpret\u00f3 que ello \u201csin dudas esto representa un dato muy esperanzador, porque cuando m\u00e1s temprano ese individuo se inicia como donante, m\u00e1s larga vida como dador va a tener\u201d, dedujo.<br>Finalmente, el coordinador de Hemodonaci\u00f3n del Banco de Sangre transmiti\u00f3 su agradecimiento por lo logrado: \u201cPrimero, a los donantes, que responden a la convocatoria; pero, adem\u00e1s, a las organizaciones civiles, en este caso, a la Municipalidad de la Ciudad de Corrientes\u201d, expres\u00f3.<br>\u201cQueremos destacar que la donaci\u00f3n de sangre es un acto humanitario, solidario y universal para quien lo necesite\u201d, finaliz\u00f3 Avalos.<br>&nbsp;<br>UN BALANCE POSITIVO<br>\u201cLa verdad es que estamos teniendo una jornada muy exitosa, con muchas personas que ya se acercaron a donar sangre. Los j\u00f3venes se interesaron mucho a trav\u00e9s de la p\u00e1gina de Muni Joven, desde donde fuimos haciendo la difusi\u00f3n, y tambi\u00e9n dentro de los distintos programas que tenemos, as\u00ed que los chicos est\u00e1n muy entusiasmados con estas iniciativas\u201d, dijo la directora general de Coordinaci\u00f3n de Gobierno, Mar\u00eda Cruz Silvero, a cargo de la organizaci\u00f3n del evento.<br>Luego, la funcionaria municipal marc\u00f3 especial \u00e9nfasis en \u201cderribar los mitos que a veces se tienen acerca de la donaci\u00f3n de sangre\u201d para, en cambio, \u201cacercarse y colaborar, sabiendo que con una donaci\u00f3n se salva hasta cuatro vidas\u201d, recalc\u00f3.<br>&nbsp;<br>MES DE LA JUVENTUD<br>En ese contexto, se record\u00f3 que la actividad se enmarca en el Mes de la Juventud, una propuesta particular de la Municipalidad de Corrientes lanzada por el intendente Tassano, que cuenta con una serie de actividades, muchas de ellas programadas de forma mancomunada con la Provincia. Esta propuesta se ide\u00f3 con el objetivo de mostrar por qu\u00e9 los j\u00f3venes pueden elegir quedarse en la ciudad para desarrollarse personal y profesionalmente, entre otros aspectos.<br>\u201cEstamos trabajando en pol\u00edticas que tengan que ver con emprender, trabajar, estudiar y entretenerse en la ciudad. Brindamos distintas ofertas para que los j\u00f3venes participen de estas actividades\u201d, expres\u00f3 Silvero.<br>Seguidamente, record\u00f3 que \u201cpara fin de mes, estamos preparando la Expo Joven, donde tendremos toda la oferta acad\u00e9mica que existe en la ciudad, ofertas para el primer empleo, tambi\u00e9n para emprender y, por supuesto, el eje de entretenimientos, con distintos shows, charlas y conversatorios\u201d.<br>Con el nombre Expo Joven &#8211; Elijo Corrientes, el evento se desarrollar\u00e1 en el Exregimiento de Infanter\u00eda N\u00ba 9 y tendr\u00e1 tres d\u00edas de duraci\u00f3n: jueves 29 y viernes 30 de septiembre (de 8 a 20), y el s\u00e1bado 1 de octubre (de 9 a 19).<\/p>\n","protected":false},"excerpt":{"rendered":"<p>Tassano, en una exitosa jornada de donaci\u00f3n desangre: \u201cEste es un acto de entrega muy&#8230;<\/p>\n","protected":false},"author":1,"featured_media":165,"comment_status":"open","ping_status":"open","sticky":false,"template":"","format":"standard","meta":[],"categories":[1],"tags":[],"_links":{"self":[{"href":"https:\/\/neanoticias.com\/index.php\/wp-json\/wp\/v2\/posts\/164"}],"collection":[{"href":"https:\/\/neanoticias.com\/index.php\/wp-json\/wp\/v2\/posts"}],"about":[{"href":"https:\/\/neanoticias.com\/index.php\/wp-json\/wp\/v2\/types\/post"}],"author":[{"embeddable":true,"href":"https:\/\/neanoticias.com\/index.php\/wp-json\/wp\/v2\/users\/1"}],"replies":[{"embeddable":true,"href":"https:\/\/neanoticias.com\/index.php\/wp-json\/wp\/v2\/comments?post=164"}],"version-history":[{"count":2,"href":"https:\/\/neanoticias.com\/index.php\/wp-json\/wp\/v2\/posts\/164\/revisions"}],"predecessor-version":[{"id":167,"href":"https:\/\/neanoticias.com\/index.php\/wp-json\/wp\/v2\/posts\/164\/revisions\/167"}],"wp:featuredmedia":[{"embeddable":true,"href":"https:\/\/neanoticias.com\/index.php\/wp-json\/wp\/v2\/media\/165"}],"wp:attachment":[{"href":"https:\/\/neanoticias.com\/index.php\/wp-json\/wp\/v2\/media?parent=164"}],"wp:term":[{"taxonomy":"category","embeddable":true,"href":"https:\/\/neanoticias.com\/index.php\/wp-json\/wp\/v2\/categories?post=164"},{"taxonomy":"post_tag","embeddable":true,"href":"https:\/\/neanoticias.com\/index.php\/wp-json\/wp\/v2\/tags?post=164"}],"curies":[{"name":"wp","href":"https:\/\/api.w.org\/{rel}","templated":true}]}}