{"id":1637,"date":"2024-11-05T01:46:07","date_gmt":"2024-11-05T01:46:07","guid":{"rendered":"https:\/\/neanoticias.com\/?p=1637"},"modified":"2024-11-26T01:57:00","modified_gmt":"2024-11-26T01:57:00","slug":"historias-de-cambios-la-nueva-vida-de-excarreros-que-adhirieron-a-la-reconversion-laboral-y-economica","status":"publish","type":"post","link":"https:\/\/neanoticias.com\/index.php\/2024\/11\/05\/historias-de-cambios-la-nueva-vida-de-excarreros-que-adhirieron-a-la-reconversion-laboral-y-economica\/","title":{"rendered":"HISTORIAS DE CAMBIOS: LA NUEVA VIDA DE EXCARREROS QUE ADHIRIERON A LA RECONVERSI\u00d3N LABORAL Y ECON\u00d3MICA"},"content":{"rendered":"\n<p><em>A casi tres meses de la puesta en marcha de la iniciativa impulsada por la gesti\u00f3n del intendente Tassano, ya suman 46 los casos de personas con sus familias que entregaron caballos y carros para iniciar sus propios emprendimientos con apoyo de la Municipalidad. Cristian, Jes\u00fas, Gustavo, Roc\u00edo, Leandro, M\u00e1ximo y Javier son algunos de los que tienen un nuevo horizonte productivo, sin maltrato animal.<\/em><\/p>\n\n\n\n<p>Del carro tirado por caballos en el cartoneo o flete diario por la ciudad, a tener tu propio emprendimiento gastron\u00f3mico o de servicio. ese camino es el que ya eligi\u00f3 medio centenar de excarreros, quienes se adhirieron al programa de reconversi\u00f3n econ\u00f3mica que propone la Municipalidad de Corrientes desde hace casi tres meses.<br>Esta nueva historia la iniciaron Cristian, Jes\u00fas, Gustavo, Roc\u00edo, Leandro, M\u00e1ximo y Javier, entre otros y otras que decidieron dar un vuelco de 180 grados en sus vidas. Hoy, son exactamente 46 los casos en que est\u00e1n empezando su propio emprendimiento con acompa\u00f1amiento municipal.<br>En todos se puede ver ese cambio. Jes\u00fas es un excarrero de 55 a\u00f1os, que cuando ten\u00eda 20 vino de Buenos Aires a radicarse en Corrientes. Ahora, junto con su esposa dejaron el carro y los caballos para atender una gomer\u00eda.<br>Atr\u00e1s quedaron las dif\u00edciles jornadas en que transportaba materiales de construcci\u00f3n, como piedra, arena y ladrillos, recayendo muchas veces todo el peso de la desgastante actividad en los equinos.<\/p>\n\n\n\n<p>DEL R\u00cdO AL CARRO Y AHORA UN COMERCIO<br>El excarrero Gustavo, de 37 a\u00f1os, con esposa y dos hijos, ahora tendr\u00e1 un local de expendio de bebidas. Su historia tiene matices interesantes por conocer. Era pescador, hasta que un d\u00eda le robaron la canoa. Fue entonces que empez\u00f3 a ser carrero reciclador, hasta que ahora opt\u00f3 por el cambio en su vida y entreg\u00f3 dos caballos y el carro para comenzar con su local comercial.<\/p>\n\n\n\n<p>M\u00c1S CAMBIOS<br>Leandro tiene 32 a\u00f1os, una esposa y cuatro hijos. Hasta hace poco transportaba cart\u00f3n, pl\u00e1stico y papel en su carro tirado por caballos, actividad que desarrollaba desde hace a\u00f1os.<br>Pero para \u00e9l y su familia lleg\u00f3 el momento del cambio, por protecci\u00f3n animal pero principalmente para una mejor perspectiva econ\u00f3mica y calidad de vida. Desde ahora atender\u00e1 su poller\u00eda con el acompa\u00f1amiento constante del Municipio.<br>M\u00e1ximo, de 53 a\u00f1os, tambi\u00e9n hizo entrega de sus caballos y carros y ya se inicia en el rubro gastron\u00f3mico. El trabajador tiene a su esposa y una peque\u00f1a hija, pero hace unos a\u00f1os afront\u00f3 un problema de salud (ACV) que lo imposibilit\u00f3 de seguir haciendo fletes. Hasta que un d\u00eda supo del programa municipal de reconversi\u00f3n y junto a su familia emprender\u00e1 una hamburgueser\u00eda.<br>As\u00ed, como estos casos hay muchos m\u00e1s. La vida de estas personas y su familia cambiaron hacia un nuevo horizonte, m\u00e1s firme, con m\u00e1s expectativas a partir de un programa integral para una mejor perspectiva econ\u00f3mica y tambi\u00e9n de una esencial protecci\u00f3n animal.<\/p>\n\n\n\n<p>CONSTANTE APOYO MUNICIPAL<br>\u201cEstamos en un proceso que vamos apuntalando en la ciudad para que tengan salidas laborales cada una de las familias\u201d, sostuvo el intendente Eduardo Tassano en el marco de una nueva firma de convenio para la reconversi\u00f3n de carreros.<br>Asimismo, el secretario de Coordinaci\u00f3n de Gobierno municipal, Hugo Calvano remarc\u00f3 la importancia de avanzar con la entrega de equipamientos. \u201cEstas son herramientas que son rentable para ellos y los empuja a tener \u00e9xito en lo que emprender\u00e1n a futuro\u201d, dijo.<\/p>\n","protected":false},"excerpt":{"rendered":"<p>A casi tres meses de la puesta en marcha de la iniciativa impulsada por la&#8230;<\/p>\n","protected":false},"author":1,"featured_media":1638,"comment_status":"open","ping_status":"open","sticky":false,"template":"","format":"standard","meta":[],"categories":[1],"tags":[],"_links":{"self":[{"href":"https:\/\/neanoticias.com\/index.php\/wp-json\/wp\/v2\/posts\/1637"}],"collection":[{"href":"https:\/\/neanoticias.com\/index.php\/wp-json\/wp\/v2\/posts"}],"about":[{"href":"https:\/\/neanoticias.com\/index.php\/wp-json\/wp\/v2\/types\/post"}],"author":[{"embeddable":true,"href":"https:\/\/neanoticias.com\/index.php\/wp-json\/wp\/v2\/users\/1"}],"replies":[{"embeddable":true,"href":"https:\/\/neanoticias.com\/index.php\/wp-json\/wp\/v2\/comments?post=1637"}],"version-history":[{"count":1,"href":"https:\/\/neanoticias.com\/index.php\/wp-json\/wp\/v2\/posts\/1637\/revisions"}],"predecessor-version":[{"id":1639,"href":"https:\/\/neanoticias.com\/index.php\/wp-json\/wp\/v2\/posts\/1637\/revisions\/1639"}],"wp:featuredmedia":[{"embeddable":true,"href":"https:\/\/neanoticias.com\/index.php\/wp-json\/wp\/v2\/media\/1638"}],"wp:attachment":[{"href":"https:\/\/neanoticias.com\/index.php\/wp-json\/wp\/v2\/media?parent=1637"}],"wp:term":[{"taxonomy":"category","embeddable":true,"href":"https:\/\/neanoticias.com\/index.php\/wp-json\/wp\/v2\/categories?post=1637"},{"taxonomy":"post_tag","embeddable":true,"href":"https:\/\/neanoticias.com\/index.php\/wp-json\/wp\/v2\/tags?post=1637"}],"curies":[{"name":"wp","href":"https:\/\/api.w.org\/{rel}","templated":true}]}}