{"id":1634,"date":"2024-11-05T01:44:52","date_gmt":"2024-11-05T01:44:52","guid":{"rendered":"https:\/\/neanoticias.com\/?p=1634"},"modified":"2024-11-26T01:57:04","modified_gmt":"2024-11-26T01:57:04","slug":"el-boleto-estudiantil-subio-un-12-respecto-del-ano-pasado","status":"publish","type":"post","link":"https:\/\/neanoticias.com\/index.php\/2024\/11\/05\/el-boleto-estudiantil-subio-un-12-respecto-del-ano-pasado\/","title":{"rendered":"&#8220;EL BOLETO ESTUDIANTIL SUBI\u00d3 UN 12% RESPECTO DEL A\u00d1O PASADO&#8221;"},"content":{"rendered":"\n<p>El estudio del equipo de Agust\u00edn Payes en la Defensor\u00eda del Pueblo mostr\u00f3 una ca\u00edda sostenida en la cantidad de pasajeros que pagan la tarifa plana en Corrientes, mientras creci\u00f3 el uso del boleto estudiantil gratuito.<\/p>\n\n\n\n<p>Un an\u00e1lisis reciente realizado por el equipo de Agust\u00edn Payes, defensor de los vecinos de Corrientes, revel\u00f3 una disminuci\u00f3n significativa en el n\u00famero de usuarios del transporte p\u00fablico que pagan la tarifa plana. Seg\u00fan explic\u00f3 Payes en Radio Sudamericana, \u201cla ca\u00edda en la cantidad de personas que eligen el colectivo es preocupante, ya que&nbsp;<strong>afecta directamente la financiaci\u00f3n del sistema de transporte\u201d.<\/strong><\/p>\n\n\n\n<p>El estudio, que toma como base datos de la tarjeta SUBE y de la Municipalidad, mostr\u00f3 que el uso de la tarifa plana cay\u00f3 un 44% en septiembre de este a\u00f1o, en comparaci\u00f3n con el mismo mes del a\u00f1o pasado. \u201cEs sorprendente el porcentaje de gente que paga la tarifa plana de alguna manera\u201d, dijo Payes. Adem\u00e1s, consider\u00f3 que esta tendencia podr\u00eda mantenerse, con una baja incluso m\u00e1s marcada hacia fin de a\u00f1o debido al reciente aumento en la tarifa.<\/p>\n\n\n\n<p>Por otro lado, el informe tambi\u00e9n\u00a0<strong>destac\u00f3 un aumento del 12% en el uso del boleto estudiantil gratuito respecto al a\u00f1o pasado.\u00a0<\/strong>\u201cCada vez m\u00e1s estudiantes est\u00e1n utilizando el beneficio del boleto estudiantil, lo cual es positivo, pero al mismo tiempo reduce los ingresos del sistema por boletos pagados\u201d, indic\u00f3 el defensor. De acuerdo con esta situaci\u00f3n, se genera un \u201cpanorama negativo\u201d para la sustentabilidad del sistema de transporte.<\/p>\n\n\n\n<p>La reducci\u00f3n en el n\u00famero de usuarios que pagan tarifa plana podr\u00eda llevar a nuevas medidas, advirti\u00f3 Payes, como una posible modificaci\u00f3n de la ordenanza de emergencia del transporte.\u00a0<strong>\u201cProbablemente tengamos que reducir la cantidad de unidades en circulaci\u00f3n para adaptarnos a la demanda actual\u201d,<\/strong>\u00a0coment\u00f3, sugiriendo que el sistema podr\u00eda pasar de 180 a alrededor de 100 veh\u00edculos operativos.<\/p>\n\n\n\n<p>En cuanto al futuro del transporte p\u00fablico, Payes afirm\u00f3 que es necesario \u201cdiscutir un nuevo sistema de transporte\u201d para Corrientes, especialmente considerando los cambios econ\u00f3micos y la dependencia del subsidio estatal. \u201cHoy la Municipalidad est\u00e1 poniendo m\u00e1s de 200 millones de pesos mensuales en subsidios. Si esos fondos faltaran, el sistema colapsar\u00eda\u201d, explic\u00f3, subray\u00f3.<\/p>\n","protected":false},"excerpt":{"rendered":"<p>El estudio del equipo de Agust\u00edn Payes en la Defensor\u00eda del Pueblo mostr\u00f3 una ca\u00edda&#8230;<\/p>\n","protected":false},"author":1,"featured_media":1635,"comment_status":"open","ping_status":"open","sticky":false,"template":"","format":"standard","meta":[],"categories":[1],"tags":[],"_links":{"self":[{"href":"https:\/\/neanoticias.com\/index.php\/wp-json\/wp\/v2\/posts\/1634"}],"collection":[{"href":"https:\/\/neanoticias.com\/index.php\/wp-json\/wp\/v2\/posts"}],"about":[{"href":"https:\/\/neanoticias.com\/index.php\/wp-json\/wp\/v2\/types\/post"}],"author":[{"embeddable":true,"href":"https:\/\/neanoticias.com\/index.php\/wp-json\/wp\/v2\/users\/1"}],"replies":[{"embeddable":true,"href":"https:\/\/neanoticias.com\/index.php\/wp-json\/wp\/v2\/comments?post=1634"}],"version-history":[{"count":1,"href":"https:\/\/neanoticias.com\/index.php\/wp-json\/wp\/v2\/posts\/1634\/revisions"}],"predecessor-version":[{"id":1636,"href":"https:\/\/neanoticias.com\/index.php\/wp-json\/wp\/v2\/posts\/1634\/revisions\/1636"}],"wp:featuredmedia":[{"embeddable":true,"href":"https:\/\/neanoticias.com\/index.php\/wp-json\/wp\/v2\/media\/1635"}],"wp:attachment":[{"href":"https:\/\/neanoticias.com\/index.php\/wp-json\/wp\/v2\/media?parent=1634"}],"wp:term":[{"taxonomy":"category","embeddable":true,"href":"https:\/\/neanoticias.com\/index.php\/wp-json\/wp\/v2\/categories?post=1634"},{"taxonomy":"post_tag","embeddable":true,"href":"https:\/\/neanoticias.com\/index.php\/wp-json\/wp\/v2\/tags?post=1634"}],"curies":[{"name":"wp","href":"https:\/\/api.w.org\/{rel}","templated":true}]}}