{"id":1631,"date":"2024-11-05T01:43:28","date_gmt":"2024-11-05T01:43:28","guid":{"rendered":"https:\/\/neanoticias.com\/?p=1631"},"modified":"2024-11-26T01:57:11","modified_gmt":"2024-11-26T01:57:11","slug":"villa-gesell-encontraron-otros-tres-cuerpos-entre-los-escombros","status":"publish","type":"post","link":"https:\/\/neanoticias.com\/index.php\/2024\/11\/05\/villa-gesell-encontraron-otros-tres-cuerpos-entre-los-escombros\/","title":{"rendered":"VILLA GESELL: ENCONTRARON OTROS TRES CUERPOS ENTRE LOS ESCOMBROS"},"content":{"rendered":"\n<p>Seg\u00fan confirmaron,\u00a0se trata de Mariano Troiano, Mat\u00edas Chaspman y Ezequiel Matu, tres obreros que trabajaban en las remodelaciones del edificio. Buscan a la \u00faltima persona desaparecida: Dana Desimone<\/p>\n\n\n\n<p>Los rescatistas que trabajan entre los escombros del&nbsp;Apart Hotel Dubrovnik&nbsp;de la localidad balnearia de&nbsp;Villa Gesell,&nbsp;que colaps\u00f3 hace una semana,&nbsp;encontraron los cuerpos de tres obreros que trabajaban en las remodelaciones que se estaban realizando en el edificio, seg\u00fan confirmaron.<\/p>\n\n\n\n<p>Se trata de\u00a0<strong>Mariano Troiano (47), Ezequiel Matu (38) y Mat\u00edas Chaspman (27).<\/strong>\u00a0Los dos primeros eran oriundos de Mar del Plata y el tercero resid\u00eda en Bat\u00e1n. Todos fueron hallados en un mismo sector del inmueble. Las fuentes consultadas indicaron que, al momento de rescatar los cad\u00e1veres de Troiano y Chaspman, se encontraron los restos de Matu, que estaban siendo retirados de entre los escombros hacia esta tarde.<\/p>\n\n\n\n<p>As\u00ed,<strong>&nbsp;ya son&nbsp;siete las v\u00edctimas fatales&nbsp;por el colapso del hotel,<\/strong>&nbsp;mientras los investigadores aguardan&nbsp;los resultados de las pericias&nbsp;para determinar responsabilidades del tr\u00e1gico suceso. La \u00faltima persona desaparecida que siguen buscando los equipos de emergencias es&nbsp;Dana Desimone&nbsp;(28).<\/p>\n\n\n\n<p>Anoche, los rescatistas hab\u00edan hallado a otra de las v\u00edctimas, el carpintero\u00a0Fabi\u00e1n Javier Guti\u00e9rrez\u00a0(50), oriundo del partido bonaerense de Merlo y padre de un hijo. Las otras personas que perdieron la vida en el derrumbe fueron\u00a0Mar\u00eda Rosa Stefanic\u00a0(52), antigua propietaria del hotel; su sobrino,\u00a0Nahuel Jos\u00e9 Stefanic\u00a0(25); y\u00a0Federico C\u00e9sar Ciocchini, un jubilado de 84 a\u00f1os que se encontraba en el edificio contiguo al Dubrovnik.<\/p>\n\n\n\n<p>El siniestro ocurri\u00f3 en la madrugada del 29 de octubre, debido a las refacciones que se realizaban. La estructura cedi\u00f3 de forma repentina, provocando la ca\u00edda de grandes bloques de concreto y escombros que sepultaron diversas \u00e1reas del inmueble y dejaron atrapadas a varias personas.<\/p>\n","protected":false},"excerpt":{"rendered":"<p>Seg\u00fan confirmaron,\u00a0se trata de Mariano Troiano, Mat\u00edas Chaspman y Ezequiel Matu, tres obreros que trabajaban&#8230;<\/p>\n","protected":false},"author":1,"featured_media":1632,"comment_status":"open","ping_status":"open","sticky":false,"template":"","format":"standard","meta":[],"categories":[1],"tags":[],"_links":{"self":[{"href":"https:\/\/neanoticias.com\/index.php\/wp-json\/wp\/v2\/posts\/1631"}],"collection":[{"href":"https:\/\/neanoticias.com\/index.php\/wp-json\/wp\/v2\/posts"}],"about":[{"href":"https:\/\/neanoticias.com\/index.php\/wp-json\/wp\/v2\/types\/post"}],"author":[{"embeddable":true,"href":"https:\/\/neanoticias.com\/index.php\/wp-json\/wp\/v2\/users\/1"}],"replies":[{"embeddable":true,"href":"https:\/\/neanoticias.com\/index.php\/wp-json\/wp\/v2\/comments?post=1631"}],"version-history":[{"count":1,"href":"https:\/\/neanoticias.com\/index.php\/wp-json\/wp\/v2\/posts\/1631\/revisions"}],"predecessor-version":[{"id":1633,"href":"https:\/\/neanoticias.com\/index.php\/wp-json\/wp\/v2\/posts\/1631\/revisions\/1633"}],"wp:featuredmedia":[{"embeddable":true,"href":"https:\/\/neanoticias.com\/index.php\/wp-json\/wp\/v2\/media\/1632"}],"wp:attachment":[{"href":"https:\/\/neanoticias.com\/index.php\/wp-json\/wp\/v2\/media?parent=1631"}],"wp:term":[{"taxonomy":"category","embeddable":true,"href":"https:\/\/neanoticias.com\/index.php\/wp-json\/wp\/v2\/categories?post=1631"},{"taxonomy":"post_tag","embeddable":true,"href":"https:\/\/neanoticias.com\/index.php\/wp-json\/wp\/v2\/tags?post=1631"}],"curies":[{"name":"wp","href":"https:\/\/api.w.org\/{rel}","templated":true}]}}